{"id":16555,"date":"2022-12-21T13:45:15","date_gmt":"2022-12-21T12:45:15","guid":{"rendered":"https:\/\/myspainfood.com\/bagte-sardiner-med-hvidvin-og-broedkrummer\/"},"modified":"2025-05-08T15:32:55","modified_gmt":"2025-05-08T13:32:55","slug":"bagte-sardiner-med-hvidvin-og-broedkrummer","status":"publish","type":"post","link":"https:\/\/myspainfood.com\/da\/bagte-sardiner-med-hvidvin-og-broedkrummer\/","title":{"rendered":"Bagte sardiner med hvidvin og br\u00f8dkrummer"},"content":{"rendered":"<p>[et_pb_section fb_built=&#8221;1&#8243; theme_builder_area=&#8221;post_content&#8221; _builder_version=&#8221;4.19.4&#8243; _module_preset=&#8221;default&#8221;][et_pb_row _builder_version=&#8221;4.19.4&#8243; _module_preset=&#8221;default&#8221; theme_builder_area=&#8221;post_content&#8221;][et_pb_column _builder_version=&#8221;4.19.4&#8243; _module_preset=&#8221;default&#8221; type=&#8221;4_4&#8243; theme_builder_area=&#8221;post_content&#8221;][et_pb_text _builder_version=&#8221;4.19.4&#8243; _module_preset=&#8221;default&#8221; theme_builder_area=&#8221;post_content&#8221; hover_enabled=&#8221;0&#8243; sticky_enabled=&#8221;0&#8243;]Vi har ikke altid mulighed for at spise en god &#8220;espeto malague\u00f1o&#8221; med de sardiner, der smelter p\u00e5 ganen.<\/p>\n<p>I La Tienda de Sami viser vi dig, hvordan du laver bagte sardiner i ganske f\u00e5 trin.<\/p>\n<p>Bagte sardiner med hvidvin og rasp<br \/>\nDu kan ogs\u00e5 bruge nogle l\u00e6kre kartofler som tilbeh\u00f8r til denne gryderet, men det lader vi v\u00e6re op til dig.<\/p>\n<p>Ingredienser<br \/>\n1 \u00bd kg. store sardiner<br \/>\n5 spsk. olie<br \/>\n1 glas (ikke fyldt) verdejo-vin Cucamonas<br \/>\n3 spsk. rasp.<br \/>\n1 spsk. hakket persille<br \/>\nSaften af \u00bd citron<br \/>\n40 gr. sm\u00f8r<br \/>\nSalt<br \/>\nTilberedning<br \/>\nFjern hoved og ben fra sardinerne. Vask og t\u00f8r dem godt.<br \/>\nSalt indersiden af sardinerne let (der hvor benene er fjernet).<br \/>\nH\u00e6ld olien i en bageform af porcel\u00e6n eller ovnfast glas.<br \/>\nAnbring de r\u00e5 sardiner, s\u00e5 de ikke er stablet oven p\u00e5 hinanden.<br \/>\nSt\u00e6nk med hvidvin og citronsaft.<br \/>\nDrys med den hakkede persille og derefter med rasp.<br \/>\nD\u00e6k med sm\u00f8r i tern, og bag ved middel varme i ca. 15 minutter, og dryp af og til med saften.<br \/>\nServer p\u00e5 samme tallerken.<br \/>\nDet f\u00e5r vores mund til at l\u00f8be i vand, bare vi t\u00e6nker p\u00e5 det.[\/et_pb_text][\/et_pb_column][\/et_pb_row][\/et_pb_section]<\/p>\n","protected":false},"excerpt":{"rendered":"<p>Vi har ikke altid mulighed for at spise en god &#8220;espeto malague\u00f1o&#8221; med de sardiner, der smelter p\u00e5 ganen. I La Tienda de Sami viser vi dig, hvordan du laver bagte sardiner i ganske f\u00e5 trin. Bagte sardiner med hvidvin og rasp Du kan ogs\u00e5 bruge nogle l\u00e6kre kartofler som tilbeh\u00f8r til denne gryderet, men [&hellip;]<\/p>\n","protected":false},"author":1,"featured_media":0,"comment_status":"closed","ping_status":"closed","sticky":false,"template":"","format":"standard","meta":{"_et_pb_use_builder":"on","_et_pb_old_content":"","_et_gb_content_width":"","footnotes":""},"categories":[1536],"tags":[],"class_list":["post-16555","post","type-post","status-publish","format-standard","hentry","category-ikke-kategoriseret"],"_links":{"self":[{"href":"https:\/\/myspainfood.com\/da\/wp-json\/wp\/v2\/posts\/16555","targetHints":{"allow":["GET"]}}],"collection":[{"href":"https:\/\/myspainfood.com\/da\/wp-json\/wp\/v2\/posts"}],"about":[{"href":"https:\/\/myspainfood.com\/da\/wp-json\/wp\/v2\/types\/post"}],"author":[{"embeddable":true,"href":"https:\/\/myspainfood.com\/da\/wp-json\/wp\/v2\/users\/1"}],"replies":[{"embeddable":true,"href":"https:\/\/myspainfood.com\/da\/wp-json\/wp\/v2\/comments?post=16555"}],"version-history":[{"count":1,"href":"https:\/\/myspainfood.com\/da\/wp-json\/wp\/v2\/posts\/16555\/revisions"}],"predecessor-version":[{"id":16558,"href":"https:\/\/myspainfood.com\/da\/wp-json\/wp\/v2\/posts\/16555\/revisions\/16558"}],"wp:attachment":[{"href":"https:\/\/myspainfood.com\/da\/wp-json\/wp\/v2\/media?parent=16555"}],"wp:term":[{"taxonomy":"category","embeddable":true,"href":"https:\/\/myspainfood.com\/da\/wp-json\/wp\/v2\/categories?post=16555"},{"taxonomy":"post_tag","embeddable":true,"href":"https:\/\/myspainfood.com\/da\/wp-json\/wp\/v2\/tags?post=16555"}],"curies":[{"name":"wp","href":"https:\/\/api.w.org\/{rel}","templated":true}]}}