{"id":17187,"date":"2022-12-20T14:02:12","date_gmt":"2022-12-20T13:02:12","guid":{"rendered":"https:\/\/myspainfood.com\/nudelsuppe-med-makrel\/"},"modified":"2025-05-08T15:32:58","modified_gmt":"2025-05-08T13:32:58","slug":"nudelsuppe-med-makrel","status":"publish","type":"post","link":"https:\/\/myspainfood.com\/da\/nudelsuppe-med-makrel\/","title":{"rendered":"Nudelsuppe med makrel"},"content":{"rendered":"<p>[et_pb_section fb_built=&#8221;1&#8243; theme_builder_area=&#8221;post_content&#8221; _builder_version=&#8221;4.19.4&#8243; _module_preset=&#8221;default&#8221;][et_pb_row _builder_version=&#8221;4.19.4&#8243; _module_preset=&#8221;default&#8221; theme_builder_area=&#8221;post_content&#8221;][et_pb_column _builder_version=&#8221;4.19.4&#8243; _module_preset=&#8221;default&#8221; type=&#8221;4_4&#8243; theme_builder_area=&#8221;post_content&#8221;][et_pb_text _builder_version=&#8221;4.19.4&#8243; _module_preset=&#8221;default&#8221; theme_builder_area=&#8221;post_content&#8221; hover_enabled=&#8221;0&#8243; sticky_enabled=&#8221;0&#8243;]En god makrelnudelsuppe er altid en forn\u00f8jelse, n\u00e5r det kolde vejr kommer. Men vi m\u00e5 ikke glemme, at hvis vi lider af hyperurik\u00e6mi eller gigt, b\u00f8r vi ikke spise makrel. <\/p>\n<p>Nudelsuppe med makrel<br \/>\nDer er ikke noget bedre end en god nudelsuppe til at varme sig p\u00e5, og hvis den er lavet med en fisk som makrel, er det endnu bedre.<\/p>\n<p>Ingredienser<br \/>\n2 fed hvidl\u00f8g<br \/>\n100 g l\u00f8g<br \/>\n50 g r\u00f8d peberfrugt<br \/>\n50 g gr\u00f8n peber<br \/>\n500 g knust tomat<br \/>\nOlivenolie<br \/>\nFiskebestande<br \/>\nNudler<br \/>\n500 g makrel<br \/>\nSalt og peber<br \/>\nTilberedning<br \/>\nStart med at sk\u00e6re peberfrugt, hvidl\u00f8g og l\u00f8g i meget sm\u00e5 stykker.<br \/>\nKom dem i en gryde, til bunden er d\u00e6kket af olie, og steg dem ved svag varme, til de er godt pocherede.<br \/>\nN\u00e5r den er pocheret, tils\u00e6ttes den knuste tomat, og den reduceres under konstant omr\u00f8ring.<br \/>\nSmag til med salt og peber.<br \/>\nTils\u00e6t fiskefond og nudler. Kog i den tid, der er angivet p\u00e5 pakken.<br \/>\nInden kogetiden er slut, \u00e5bner du makrelfileterne og tils\u00e6tter dem, s\u00e5 suppen bliver fyldt med makrelsmag og omvendt.<br \/>\nKom s\u00e5 i skeen![\/et_pb_text][\/et_pb_column][\/et_pb_row][\/et_pb_section]<\/p>\n","protected":false},"excerpt":{"rendered":"<p>En god makrelnudelsuppe er altid en forn\u00f8jelse, n\u00e5r det kolde vejr kommer. Men vi m\u00e5 ikke glemme, at hvis vi lider af hyperurik\u00e6mi eller gigt, b\u00f8r vi ikke spise makrel. Nudelsuppe med makrel Der er ikke noget bedre end en god nudelsuppe til at varme sig p\u00e5, og hvis den er lavet med en fisk [&hellip;]<\/p>\n","protected":false},"author":1,"featured_media":0,"comment_status":"closed","ping_status":"closed","sticky":false,"template":"","format":"standard","meta":{"_et_pb_use_builder":"on","_et_pb_old_content":"","_et_gb_content_width":"","footnotes":""},"categories":[1536],"tags":[],"class_list":["post-17187","post","type-post","status-publish","format-standard","hentry","category-ikke-kategoriseret"],"_links":{"self":[{"href":"https:\/\/myspainfood.com\/da\/wp-json\/wp\/v2\/posts\/17187","targetHints":{"allow":["GET"]}}],"collection":[{"href":"https:\/\/myspainfood.com\/da\/wp-json\/wp\/v2\/posts"}],"about":[{"href":"https:\/\/myspainfood.com\/da\/wp-json\/wp\/v2\/types\/post"}],"author":[{"embeddable":true,"href":"https:\/\/myspainfood.com\/da\/wp-json\/wp\/v2\/users\/1"}],"replies":[{"embeddable":true,"href":"https:\/\/myspainfood.com\/da\/wp-json\/wp\/v2\/comments?post=17187"}],"version-history":[{"count":1,"href":"https:\/\/myspainfood.com\/da\/wp-json\/wp\/v2\/posts\/17187\/revisions"}],"predecessor-version":[{"id":17192,"href":"https:\/\/myspainfood.com\/da\/wp-json\/wp\/v2\/posts\/17187\/revisions\/17192"}],"wp:attachment":[{"href":"https:\/\/myspainfood.com\/da\/wp-json\/wp\/v2\/media?parent=17187"}],"wp:term":[{"taxonomy":"category","embeddable":true,"href":"https:\/\/myspainfood.com\/da\/wp-json\/wp\/v2\/categories?post=17187"},{"taxonomy":"post_tag","embeddable":true,"href":"https:\/\/myspainfood.com\/da\/wp-json\/wp\/v2\/tags?post=17187"}],"curies":[{"name":"wp","href":"https:\/\/api.w.org\/{rel}","templated":true}]}}