{"id":16364,"date":"2022-12-21T13:45:15","date_gmt":"2022-12-21T12:45:15","guid":{"rendered":"https:\/\/myspainfood.com\/gebackene-sardinen-mit-weisswein-und-semmelbroeseln\/"},"modified":"2025-05-08T15:32:55","modified_gmt":"2025-05-08T13:32:55","slug":"gebackene-sardinen-mit-weisswein-und-semmelbroeseln","status":"publish","type":"post","link":"https:\/\/myspainfood.com\/de\/gebackene-sardinen-mit-weisswein-und-semmelbroeseln\/","title":{"rendered":"Gebackene Sardinen mit Wei\u00dfwein und Semmelbr\u00f6seln"},"content":{"rendered":"<p>[et_pb_section fb_built=&#8220;1&#8243; theme_builder_area=&#8220;post_content&#8220; _builder_version=&#8220;4.19.4&#8243; _module_preset=&#8220;default&#8220;][et_pb_row _builder_version=&#8220;4.19.4&#8243; _module_preset=&#8220;default&#8220; theme_builder_area=&#8220;post_content&#8220;][et_pb_column _builder_version=&#8220;4.19.4&#8243; _module_preset=&#8220;default&#8220; type=&#8220;4_4&#8243; theme_builder_area=&#8220;post_content&#8220;][et_pb_text _builder_version=&#8220;4.19.4&#8243; _module_preset=&#8220;default&#8220; theme_builder_area=&#8220;post_content&#8220; hover_enabled=&#8220;0&#8243; sticky_enabled=&#8220;0&#8243;]Wir haben nicht immer die Gelegenheit, einen guten &#8222;espeto malague\u00f1o&#8220; mit diesen Sardinen zu essen, die auf der Zunge zergehen.<\/p>\n<p>In La Tienda de Sami zeigen wir Ihnen, wie Sie in wenigen Schritten gebackene Sardinen zubereiten k\u00f6nnen.<\/p>\n<p>Gebackene Sardinen mit Wei\u00dfwein und Semmelbr\u00f6seln<br \/>\nSie k\u00f6nnen auch leckere Kartoffeln als Beilage zu diesem Eintopf verwenden, aber das \u00fcberlassen wir Ihnen.<\/p>\n<p>Zutaten<br \/>\n1 \u00bd kg gro\u00dfe Sardinen<br \/>\n5 Essl\u00f6ffel \u00d6l<br \/>\n1 Glas (nicht voll) Verdejo-Wein Cucamonas<br \/>\n3 Essl\u00f6ffel Paniermehl.<br \/>\n1 Essl\u00f6ffel gehackte Petersilie<br \/>\nDer Saft von \u00bd Zitrone<br \/>\n40 gr. Butter<br \/>\nSalz<br \/>\nZubereitung<br \/>\nEntfernen Sie die K\u00f6pfe und Gr\u00e4ten der Sardinen. Waschen und trocknen Sie sie sehr gut ab.<br \/>\nSalzen Sie das Innere der Sardinen (wo die Gr\u00e4ten entfernt wurden) leicht.<br \/>\nGie\u00dfen Sie das \u00d6l in eine Porzellan- oder ofenfeste Glasauflaufform.<br \/>\nOrdnen Sie die rohen Sardinen so an, dass sie nicht \u00fcbereinander gestapelt werden.<br \/>\nMit dem Wei\u00dfwein und dem Zitronensaft betr\u00e4ufeln.<br \/>\nMit der gehackten Petersilie bestreuen und dann mit den Semmelbr\u00f6seln.<br \/>\nMit der gew\u00fcrfelten Butter bedecken und bei mittlerer Hitze etwa 15 Minuten backen, dabei gelegentlich mit dem Bratensaft begie\u00dfen.<br \/>\nAuf demselben Teller servieren.<br \/>\nAllein der Gedanke daran l\u00e4sst uns das Wasser im Munde zusammenlaufen.[\/et_pb_text][\/et_pb_column][\/et_pb_row][\/et_pb_section]<\/p>\n","protected":false},"excerpt":{"rendered":"<p>Wir haben nicht immer die Gelegenheit, einen guten &#8222;espeto malague\u00f1o&#8220; mit diesen Sardinen zu essen, die auf der Zunge zergehen. In La Tienda de Sami zeigen wir Ihnen, wie Sie in wenigen Schritten gebackene Sardinen zubereiten k\u00f6nnen. Gebackene Sardinen mit Wei\u00dfwein und Semmelbr\u00f6seln Sie k\u00f6nnen auch leckere Kartoffeln als Beilage zu diesem Eintopf verwenden, aber [&hellip;]<\/p>\n","protected":false},"author":1,"featured_media":0,"comment_status":"closed","ping_status":"closed","sticky":false,"template":"","format":"standard","meta":{"_et_pb_use_builder":"on","_et_pb_old_content":"","_et_gb_content_width":"","footnotes":""},"categories":[1530],"tags":[],"class_list":["post-16364","post","type-post","status-publish","format-standard","hentry","category-nicht-kategorisiert-de"],"_links":{"self":[{"href":"https:\/\/myspainfood.com\/de\/wp-json\/wp\/v2\/posts\/16364","targetHints":{"allow":["GET"]}}],"collection":[{"href":"https:\/\/myspainfood.com\/de\/wp-json\/wp\/v2\/posts"}],"about":[{"href":"https:\/\/myspainfood.com\/de\/wp-json\/wp\/v2\/types\/post"}],"author":[{"embeddable":true,"href":"https:\/\/myspainfood.com\/de\/wp-json\/wp\/v2\/users\/1"}],"replies":[{"embeddable":true,"href":"https:\/\/myspainfood.com\/de\/wp-json\/wp\/v2\/comments?post=16364"}],"version-history":[{"count":2,"href":"https:\/\/myspainfood.com\/de\/wp-json\/wp\/v2\/posts\/16364\/revisions"}],"predecessor-version":[{"id":16383,"href":"https:\/\/myspainfood.com\/de\/wp-json\/wp\/v2\/posts\/16364\/revisions\/16383"}],"wp:attachment":[{"href":"https:\/\/myspainfood.com\/de\/wp-json\/wp\/v2\/media?parent=16364"}],"wp:term":[{"taxonomy":"category","embeddable":true,"href":"https:\/\/myspainfood.com\/de\/wp-json\/wp\/v2\/categories?post=16364"},{"taxonomy":"post_tag","embeddable":true,"href":"https:\/\/myspainfood.com\/de\/wp-json\/wp\/v2\/tags?post=16364"}],"curies":[{"name":"wp","href":"https:\/\/api.w.org\/{rel}","templated":true}]}}