{"id":16671,"date":"2022-12-19T09:52:12","date_gmt":"2022-12-19T08:52:12","guid":{"rendered":"https:\/\/myspainfood.com\/salate-mit-nativem-olivenoel-extra\/"},"modified":"2025-05-08T15:32:59","modified_gmt":"2025-05-08T13:32:59","slug":"salate-mit-nativem-olivenoel-extra","status":"publish","type":"post","link":"https:\/\/myspainfood.com\/de\/salate-mit-nativem-olivenoel-extra\/","title":{"rendered":"Salate mit nativem Oliven\u00f6l extra"},"content":{"rendered":"<p>[et_pb_section fb_built=&#8220;1&#8243; theme_builder_area=&#8220;post_content&#8220; _builder_version=&#8220;4.19.4&#8243; _module_preset=&#8220;default&#8220;][et_pb_row _builder_version=&#8220;4.19.4&#8243; _module_preset=&#8220;default&#8220; theme_builder_area=&#8220;post_content&#8220;][et_pb_column _builder_version=&#8220;4.19.4&#8243; _module_preset=&#8220;default&#8220; type=&#8220;4_4&#8243; theme_builder_area=&#8220;post_content&#8220;][et_pb_text _builder_version=&#8220;4.19.4&#8243; _module_preset=&#8220;default&#8220; theme_builder_area=&#8220;post_content&#8220; hover_enabled=&#8220;0&#8243; sticky_enabled=&#8220;0&#8243;]<\/p>\n<p>Eines der traditionellsten und stolzesten Elemente unserer Gastronomie ist das Oliven\u00f6l, dessen Vorz\u00fcge und ern\u00e4hrungsphysiologische <a href=\"https:\/\/en.wikipedia.org\/wiki\/Olive_oil\" target=\"_blank\" rel=\"noopener noreferrer nofollow\">Eigenschaften<\/a> wohlbekannt sind.<\/p>\n<p>Wir von MySpainFood bieten Ihnen eine Reihe von Ideen f\u00fcr die Zubereitung einfacher und unkomplizierter Salate, um dieses wunderbare Produkt zu genie\u00dfen.<\/p>\n<p>Bauernsalat<br \/>Dieser Salat wird in der Regel eher im Sommer gegessen, aber er eignet sich f\u00fcr jede Zeit des Jahres.<\/p>\n<p>&nbsp;<\/p>\n<p>Zutaten<br \/>400 Gramm Kartoffeln.<br \/>1 rote Paprika<br \/>1 gr\u00fcne Paprika<br \/>2 Eier<br \/>1 Zwiebel<br \/>1 nat\u00fcrliche Tomate<br \/>220 Gramm Thunfisch.<br \/>10 Oliven.<br \/>Petersilie<br \/>Schwarzer Pfeffer<br \/>Salz<br \/>50 Gramm \u00d6l<\/p>\n<p>&nbsp;<\/p>\n<p>Zubereitung<br \/>Als Erstes m\u00fcssen Sie die Kartoffeln und Eier kochen.<\/p>\n<p>Schneiden Sie dann die Kartoffeln in 5 cm gro\u00dfe St\u00fccke.<\/p>\n<p>Zwiebel, Tomate und Paprika in 3 cm gro\u00dfe St\u00fccke schneiden.<\/p>\n<p>Mischen Sie alle Zutaten in einer Sch\u00fcssel und verteilen Sie sie gleichm\u00e4\u00dfig.<\/p>\n<p>Bereit zum Essen!<\/p>\n<p>&nbsp;<\/p>\n<p>&nbsp;<\/p>\n<p>Paprikasalat mit Thunfisch<br \/>Dieser Salat ist die perfekte Vorspeise f\u00fcr besondere Familienessen.<\/p>\n<p>&nbsp;<\/p>\n<p>Zutaten<br \/>400 g Paprika.<br \/>200 g Thunfisch.<br \/>50 g \u00d6l.<\/p>\n<p>&nbsp;<\/p>\n<p>Zubereitung<br \/>Das einfachste Rezept von allen, aber keineswegs das unappetitlichste.<\/p>\n<p>\u00d6ffnen Sie das Glas mit den Paprika und das Glas mit dem Thunfisch. R\u00fchren Sie gleichm\u00e4\u00dfig um und f\u00fcgen Sie zum Schluss einen Spritzer \u00d6l hinzu, um dem Ganzen den intensiven Geschmack zu verleihen, den wir so sehr m\u00f6gen. <\/p>\n<p>Genie\u00dfen Sie es.<\/p>\n<p>&nbsp;<\/p>\n<p>&nbsp;<\/p>\n<p>Caprese Salat<br \/>Ein Salat italienischen Ursprungs, der in unserem Land angekommen ist, um zu bleiben.<\/p>\n<p>&nbsp;<\/p>\n<p>Zutaten<br \/>Mozzarella 1 Kugel<br \/>Fleischtomaten<br \/>\u00d6l<br \/>Modena-Essig<br \/>Salz und Pfeffer nach Geschmack<\/p>\n<p>&nbsp;<\/p>\n<p>Zubereitung<br \/>Schneiden Sie den Mozzarella und die Tomate in Scheiben.<\/p>\n<p>Geben Sie sie auf einen Teller, f\u00fcgen Sie die Basilikumbl\u00e4tter, das \u00d6l und ein paar Tropfen Essig hinzu.<\/p>\n<p>Genie\u00dfen Sie es.<\/p>\n<p>[\/et_pb_text][\/et_pb_column][\/et_pb_row][\/et_pb_section]<\/p>\n","protected":false},"excerpt":{"rendered":"<p>Eines der traditionellsten und stolzesten Elemente unserer Gastronomie ist das Oliven\u00f6l, dessen Vorz\u00fcge und ern\u00e4hrungsphysiologische Eigenschaften wohlbekannt sind. Wir von MySpainFood bieten Ihnen eine Reihe von Ideen f\u00fcr die Zubereitung einfacher und unkomplizierter Salate, um dieses wunderbare Produkt zu genie\u00dfen. BauernsalatDieser Salat wird in der Regel eher im Sommer gegessen, aber er eignet sich f\u00fcr [&hellip;]<\/p>\n","protected":false},"author":1,"featured_media":0,"comment_status":"closed","ping_status":"closed","sticky":false,"template":"","format":"standard","meta":{"_et_pb_use_builder":"on","_et_pb_old_content":"","_et_gb_content_width":"","footnotes":""},"categories":[1530],"tags":[],"class_list":["post-16671","post","type-post","status-publish","format-standard","hentry","category-nicht-kategorisiert-de"],"_links":{"self":[{"href":"https:\/\/myspainfood.com\/de\/wp-json\/wp\/v2\/posts\/16671","targetHints":{"allow":["GET"]}}],"collection":[{"href":"https:\/\/myspainfood.com\/de\/wp-json\/wp\/v2\/posts"}],"about":[{"href":"https:\/\/myspainfood.com\/de\/wp-json\/wp\/v2\/types\/post"}],"author":[{"embeddable":true,"href":"https:\/\/myspainfood.com\/de\/wp-json\/wp\/v2\/users\/1"}],"replies":[{"embeddable":true,"href":"https:\/\/myspainfood.com\/de\/wp-json\/wp\/v2\/comments?post=16671"}],"version-history":[{"count":2,"href":"https:\/\/myspainfood.com\/de\/wp-json\/wp\/v2\/posts\/16671\/revisions"}],"predecessor-version":[{"id":16679,"href":"https:\/\/myspainfood.com\/de\/wp-json\/wp\/v2\/posts\/16671\/revisions\/16679"}],"wp:attachment":[{"href":"https:\/\/myspainfood.com\/de\/wp-json\/wp\/v2\/media?parent=16671"}],"wp:term":[{"taxonomy":"category","embeddable":true,"href":"https:\/\/myspainfood.com\/de\/wp-json\/wp\/v2\/categories?post=16671"},{"taxonomy":"post_tag","embeddable":true,"href":"https:\/\/myspainfood.com\/de\/wp-json\/wp\/v2\/tags?post=16671"}],"curies":[{"name":"wp","href":"https:\/\/api.w.org\/{rel}","templated":true}]}}