{"id":35814,"date":"2022-12-21T13:45:15","date_gmt":"2022-12-21T12:45:15","guid":{"rendered":"https:\/\/myspainfood.com\/kupsetatud-sardiinid-valge-veini-ja-riivsaiaga\/"},"modified":"2025-05-08T15:40:01","modified_gmt":"2025-05-08T13:40:01","slug":"kupsetatud-sardiinid-valge-veini-ja-riivsaiaga","status":"publish","type":"post","link":"https:\/\/myspainfood.com\/et\/kupsetatud-sardiinid-valge-veini-ja-riivsaiaga\/","title":{"rendered":"K\u00fcpsetatud sardiinid valge veini ja riivsaiaga"},"content":{"rendered":"<p>[et_pb_section fb_built=&#8221;1&#8243; theme_builder_area=&#8221;post_content&#8221; _builder_version=&#8221;4.19.4&#8243; _module_preset=&#8221;default&#8221;][et_pb_row _builder_version=&#8221;4.19.4&#8243; _module_preset=&#8221;default&#8221; theme_builder_area=&#8221;post_content&#8221;][et_pb_column _builder_version=&#8221;4.19.4&#8243; _module_preset=&#8221;default&#8221; type=&#8221;4_4&#8243; theme_builder_area=&#8221;post_content&#8221;][et_pb_text _builder_version=&#8221;4.19.4&#8243; _module_preset=&#8221;default&#8221; theme_builder_area=&#8221;post_content&#8221; hover_enabled=&#8221;0&#8243; sticky_enabled=&#8221;0&#8243;]Meil ei ole alati v\u00f5imalust s\u00fc\u00fca head &#8220;espeto malague\u00f1o&#8221; koos nende sardiinidega, mis suus sulavad.<\/p>\n<p>La Tienda de Samis n\u00e4itame teile, kuidas teha k\u00fcpsetatud sardiini vaid m\u00f5ne sammuga.<\/p>\n<p>K\u00fcpsetatud sardiinid valge veini ja riivsaiaga<br \/>\nSelle hautise juurde v\u00f5ib lisada ka maitsvaid kartuleid, kuid selle j\u00e4tame teie otsustada.<\/p>\n<p>Koostisosad<br \/>\n1 \u00bd kg. suuri sardiini<br \/>\n5 spl \u00f5li<br \/>\n1 klaas (mitte t\u00e4is) verdejo veini Cucamonas<br \/>\n3 spl riivsaia.<br \/>\n1 spl hakitud peterselli<br \/>\n\u00bd sidruni mahl<br \/>\n40 gr. v\u00f5id<br \/>\nSool<br \/>\nValmistamine<br \/>\nEemaldage sardiinidest pead ja luud. Peske ja kuivatage v\u00e4ga h\u00e4sti.<br \/>\nSoolake kergelt sardiinide sisemust (kus luud on eemaldatud).<br \/>\nVala \u00f5li portselanist v\u00f5i ahjukindlasse klaasist k\u00fcpsetusn\u00f5usse.<br \/>\nKorraldage toored sardiinid nii, et need ei oleks \u00fcksteise peale kuhjatud.<br \/>\nPiserdage valge veini ja sidrunimahlaga.<br \/>\nPuista peale hakitud peterselli ja seej\u00e4rel riivsaia.<br \/>\nKata kuubikuteks l\u00f5igatud v\u00f5iga ja k\u00fcpseta keskmisel kuumusel umbes 15 minutit, m\u00e4\u00e4rides aeg-ajalt mahlaga.<br \/>\nServeeri samal taldrikul.<br \/>\nSee paneb meile suu vett jooksma juba ainu\u00fcksi sellele m\u00f5eldes.[\/et_pb_text][\/et_pb_column][\/et_pb_row][\/et_pb_section]<\/p>\n","protected":false},"excerpt":{"rendered":"<p>Meil ei ole alati v\u00f5imalust s\u00fc\u00fca head &#8220;espeto malague\u00f1o&#8221; koos nende sardiinidega, mis suus sulavad. La Tienda de Samis n\u00e4itame teile, kuidas teha k\u00fcpsetatud sardiini vaid m\u00f5ne sammuga. K\u00fcpsetatud sardiinid valge veini ja riivsaiaga Selle hautise juurde v\u00f5ib lisada ka maitsvaid kartuleid, kuid selle j\u00e4tame teie otsustada. Koostisosad 1 \u00bd kg. suuri sardiini 5 spl [&hellip;]<\/p>\n","protected":false},"author":1,"featured_media":0,"comment_status":"open","ping_status":"closed","sticky":false,"template":"","format":"standard","meta":{"_et_pb_use_builder":"on","_et_pb_old_content":"","_et_gb_content_width":"","footnotes":""},"categories":[1910],"tags":[],"class_list":["post-35814","post","type-post","status-publish","format-standard","hentry","category-kategooriata"],"_links":{"self":[{"href":"https:\/\/myspainfood.com\/et\/wp-json\/wp\/v2\/posts\/35814","targetHints":{"allow":["GET"]}}],"collection":[{"href":"https:\/\/myspainfood.com\/et\/wp-json\/wp\/v2\/posts"}],"about":[{"href":"https:\/\/myspainfood.com\/et\/wp-json\/wp\/v2\/types\/post"}],"author":[{"embeddable":true,"href":"https:\/\/myspainfood.com\/et\/wp-json\/wp\/v2\/users\/1"}],"replies":[{"embeddable":true,"href":"https:\/\/myspainfood.com\/et\/wp-json\/wp\/v2\/comments?post=35814"}],"version-history":[{"count":10,"href":"https:\/\/myspainfood.com\/et\/wp-json\/wp\/v2\/posts\/35814\/revisions"}],"predecessor-version":[{"id":35877,"href":"https:\/\/myspainfood.com\/et\/wp-json\/wp\/v2\/posts\/35814\/revisions\/35877"}],"wp:attachment":[{"href":"https:\/\/myspainfood.com\/et\/wp-json\/wp\/v2\/media?parent=35814"}],"wp:term":[{"taxonomy":"category","embeddable":true,"href":"https:\/\/myspainfood.com\/et\/wp-json\/wp\/v2\/categories?post=35814"},{"taxonomy":"post_tag","embeddable":true,"href":"https:\/\/myspainfood.com\/et\/wp-json\/wp\/v2\/tags?post=35814"}],"curies":[{"name":"wp","href":"https:\/\/api.w.org\/{rel}","templated":true}]}}