{"id":35218,"date":"2022-12-20T14:02:12","date_gmt":"2022-12-20T13:02:12","guid":{"rendered":"https:\/\/myspainfood.com\/nuudelikeitto-makrillin-kanssa\/"},"modified":"2025-05-08T15:36:05","modified_gmt":"2025-05-08T13:36:05","slug":"nuudelikeitto-makrillin-kanssa","status":"publish","type":"post","link":"https:\/\/myspainfood.com\/fi\/nuudelikeitto-makrillin-kanssa\/","title":{"rendered":"Nuudelikeitto makrillin kanssa"},"content":{"rendered":"<p>[et_pb_section fb_built=&#8221;1&#8243; theme_builder_area=&#8221;post_content&#8221; _builder_version=&#8221;4.19.4&#8243; _module_preset=&#8221;default&#8221;][et_pb_row _builder_version=&#8221;4.19.4&#8243; _module_preset=&#8221;default&#8221; theme_builder_area=&#8221;post_content&#8221;][et_pb_column _builder_version=&#8221;4.19.4&#8243; _module_preset=&#8221;default&#8221; type=&#8221;4_4&#8243; theme_builder_area=&#8221;post_content&#8221;][et_pb_text _builder_version=&#8221;4.19.4&#8243; _module_preset=&#8221;default&#8221; theme_builder_area=&#8221;post_content&#8221; hover_enabled=&#8221;0&#8243; sticky_enabled=&#8221;0&#8243;]Hyv\u00e4 makrillinuudelikeitto on aina herkkua kylm\u00e4n s\u00e4\u00e4n saapuessa. Emme saa kuitenkaan unohtaa, ett\u00e4 jos k\u00e4rsimme hyperurikemiasta tai kihdist\u00e4, meid\u00e4n ei pit\u00e4isi sy\u00f6d\u00e4 makrillia. <\/p>\n<p>Makrillista nuudelikeittoa<br \/>\nMik\u00e4\u00e4n ei ole parempaa kuin hyv\u00e4 nuudelikeitto l\u00e4mmitt\u00e4m\u00e4\u00e4n, ja jos siin\u00e4 on makrillia, sit\u00e4 parempi.<\/p>\n<p>Ainesosat<br \/>\n2 valkosipulinkyntt\u00e4<br \/>\n100 g sipulia<br \/>\n50 gr punapippuria<br \/>\n50 gr vihre\u00e4\u00e4 paprikaa<br \/>\n500 gr tomaattimurskaa<br \/>\nOliivi\u00f6ljy<br \/>\nKalakannat<br \/>\nNuudelit<br \/>\n500 g makrillia<br \/>\nSuolaa ja pippuria<br \/>\nValmistelu<br \/>\nAloita leikkaamalla paprikat, valkosipuli ja sipuli hyvin pieniksi paloiksi.<br \/>\nLaita ne kattilaan niin, ett\u00e4 pohja peittyy \u00f6ljyll\u00e4, ja paista niit\u00e4 miedolla l\u00e4mm\u00f6ll\u00e4, kunnes ne ovat hyvin poseerattuja.<br \/>\nKun se on keitetty, lis\u00e4\u00e4 tomaattimurska ja anna v\u00e4hent\u00e4\u00e4 koko ajan sekoittaen.<br \/>\nMausta suolalla ja pippurilla.<br \/>\nLis\u00e4\u00e4 kalaliemi ja nuudelit. Keit\u00e4 pakkauksessa ilmoitetun ajan.<br \/>\nAvaa makrillifileet ennen keittoajan p\u00e4\u00e4ttymist\u00e4 ja lis\u00e4\u00e4 ne, jotta keitto saa makrillin makua ja p\u00e4invastoin.<br \/>\nLusikoidaan![\/et_pb_text][\/et_pb_column][\/et_pb_row][\/et_pb_section]<\/p>\n","protected":false},"excerpt":{"rendered":"<p>Hyv\u00e4 makrillinuudelikeitto on aina herkkua kylm\u00e4n s\u00e4\u00e4n saapuessa. Emme saa kuitenkaan unohtaa, ett\u00e4 jos k\u00e4rsimme hyperurikemiasta tai kihdist\u00e4, meid\u00e4n ei pit\u00e4isi sy\u00f6d\u00e4 makrillia. Makrillista nuudelikeittoa Mik\u00e4\u00e4n ei ole parempaa kuin hyv\u00e4 nuudelikeitto l\u00e4mmitt\u00e4m\u00e4\u00e4n, ja jos siin\u00e4 on makrillia, sit\u00e4 parempi. Ainesosat 2 valkosipulinkyntt\u00e4 100 g sipulia 50 gr punapippuria 50 gr vihre\u00e4\u00e4 paprikaa 500 gr [&hellip;]<\/p>\n","protected":false},"author":1,"featured_media":0,"comment_status":"open","ping_status":"closed","sticky":false,"template":"","format":"standard","meta":{"_et_pb_use_builder":"on","_et_pb_old_content":"","_et_gb_content_width":"","footnotes":""},"categories":[1914],"tags":[],"class_list":["post-35218","post","type-post","status-publish","format-standard","hentry","category-luokittelematon"],"_links":{"self":[{"href":"https:\/\/myspainfood.com\/fi\/wp-json\/wp\/v2\/posts\/35218","targetHints":{"allow":["GET"]}}],"collection":[{"href":"https:\/\/myspainfood.com\/fi\/wp-json\/wp\/v2\/posts"}],"about":[{"href":"https:\/\/myspainfood.com\/fi\/wp-json\/wp\/v2\/types\/post"}],"author":[{"embeddable":true,"href":"https:\/\/myspainfood.com\/fi\/wp-json\/wp\/v2\/users\/1"}],"replies":[{"embeddable":true,"href":"https:\/\/myspainfood.com\/fi\/wp-json\/wp\/v2\/comments?post=35218"}],"version-history":[{"count":10,"href":"https:\/\/myspainfood.com\/fi\/wp-json\/wp\/v2\/posts\/35218\/revisions"}],"predecessor-version":[{"id":35283,"href":"https:\/\/myspainfood.com\/fi\/wp-json\/wp\/v2\/posts\/35218\/revisions\/35283"}],"wp:attachment":[{"href":"https:\/\/myspainfood.com\/fi\/wp-json\/wp\/v2\/media?parent=35218"}],"wp:term":[{"taxonomy":"category","embeddable":true,"href":"https:\/\/myspainfood.com\/fi\/wp-json\/wp\/v2\/categories?post=35218"},{"taxonomy":"post_tag","embeddable":true,"href":"https:\/\/myspainfood.com\/fi\/wp-json\/wp\/v2\/tags?post=35218"}],"curies":[{"name":"wp","href":"https:\/\/api.w.org\/{rel}","templated":true}]}}