{"id":35774,"date":"2022-12-21T12:42:57","date_gmt":"2022-12-21T11:42:57","guid":{"rendered":"https:\/\/myspainfood.com\/kanamuhennos-sipulin-tomaatin-ja-paprikan-kanssa\/"},"modified":"2025-05-08T15:39:42","modified_gmt":"2025-05-08T13:39:42","slug":"kanamuhennos-sipulin-tomaatin-ja-paprikan-kanssa","status":"publish","type":"post","link":"https:\/\/myspainfood.com\/fi\/kanamuhennos-sipulin-tomaatin-ja-paprikan-kanssa\/","title":{"rendered":"Kanamuhennos sipulin, tomaatin ja paprikan kanssa"},"content":{"rendered":"<p>[et_pb_section fb_built=&#8221;1&#8243; theme_builder_area=&#8221;post_content&#8221; _builder_version=&#8221;4.19.4&#8243; _module_preset=&#8221;default&#8221;][et_pb_row _builder_version=&#8221;4.19.4&#8243; _module_preset=&#8221;default&#8221; theme_builder_area=&#8221;post_content&#8221;][et_pb_column _builder_version=&#8221;4.19.4&#8243; _module_preset=&#8221;default&#8221; type=&#8221;4_4&#8243; theme_builder_area=&#8221;post_content&#8221;][et_pb_text _builder_version=&#8221;4.19.4&#8243; _module_preset=&#8221;default&#8221; theme_builder_area=&#8221;post_content&#8221; hover_enabled=&#8221;0&#8243; sticky_enabled=&#8221;0&#8243;]<\/p>\n<p>Me rakastamme t\u00e4m\u00e4ntyyppisten pataruokien valmistamista, koska ne ovat tyypillisi\u00e4 &#8221;toda la vida&#8221; -ruokia.<br \/>Lajikkeita on monia.<\/p>\n<p>La Tienda de Samissa n\u00e4yt\u00e4mme, miten t\u00e4m\u00e4 herkullinen ruokalaji valmistetaan.<\/p>\n<p>Kanamuhennos sipulin, tomaatin ja paprikan kera<br \/>T\u00e4m\u00e4n muhennoksen lisukkeeksi voi laittaa my\u00f6s herkullisia pussitettuja perunoita, mutta j\u00e4t\u00e4mme sen sinun p\u00e4\u00e4tett\u00e4v\u00e4ksi.<\/p>\n<p>&nbsp;<\/p>\n<p>Ainekset<br \/>2 kanaa, kukin 1 \u00bc kg (leikattu keskikokoisiksi paloiksi)<br \/>100 gr. raitapekonia<br \/>4 rkl \u00f6ljy\u00e4<br \/>6 pient\u00e4 tomaattia<br \/>8 ranskalaista sipulia<br \/>1 nokare voita<br \/>1 pieni purkki (100 g) piquillo-paprikaa (puul\u00e4mmitteist\u00e4)<br \/>Puoli lasillista (vett\u00e4) valkoviini\u00e4 1 lasillinen (vett\u00e4) vett\u00e4 1 lasillinen (vett\u00e4) valkoviini\u00e4  lasillinen (vett\u00e4) valkoviini\u00e4<br \/>Puoli lasillista (vett\u00e4) vett\u00e4<br \/>1 ripaus aromaattisia yrttej\u00e4<br \/>1 rkl hienonnettua persiljaa<br \/>Suolaa<br \/>Valmistelu<br \/>Flamboitu ja valmistettu, Pilko kana.<br \/>Kuumenna \u00f6ljy paistinpannussa. Kun se on valmis, paista broilerin palat hyvin.<br \/>Lis\u00e4\u00e4 pekonikuutiot. Lis\u00e4\u00e4 kuoritut mutta kokonaiset tomaatit.  <br \/>Mausta suolalla ja yrteill\u00e4.<br \/>Sekoita hyvin puulusikalla ja lis\u00e4\u00e4 viini ja vesi.<br \/>Peit\u00e4 vuoka kannella ja kypsenn\u00e4 kanaa keskil\u00e4mm\u00f6ll\u00e4 noin 45 minuuttia, jos ne ovat pehmeit\u00e4, jos eiv\u00e4t, hieman kauemmin, mutta varmista, ett\u00e4 palat eiv\u00e4t hajoa.<br \/>Kypsenn\u00e4 kuoritut sipulit erill\u00e4\u00e4n pieness\u00e4 kattilassa voissa, pieness\u00e4 m\u00e4\u00e4r\u00e4ss\u00e4 vett\u00e4, joka peitt\u00e4\u00e4 sipulit, ja suolassa.<br \/>Kun kana on kyps\u00e4\u00e4, lis\u00e4\u00e4 sipuli, hienonnettu paprika ja hienonnettu persilja.<br \/>Sekoita puulusikalla ja tarjoile heti tarjoiluvadilla.<br \/>Se saa suumme vellomaan jo pelk\u00e4ss\u00e4 ajatuksessakin.<\/p>\n<p>[\/et_pb_text][\/et_pb_column][\/et_pb_row][\/et_pb_section]<\/p>\n","protected":false},"excerpt":{"rendered":"<p>Me rakastamme t\u00e4m\u00e4ntyyppisten pataruokien valmistamista, koska ne ovat tyypillisi\u00e4 &#8221;toda la vida&#8221; -ruokia.Lajikkeita on monia. La Tienda de Samissa n\u00e4yt\u00e4mme, miten t\u00e4m\u00e4 herkullinen ruokalaji valmistetaan. Kanamuhennos sipulin, tomaatin ja paprikan keraT\u00e4m\u00e4n muhennoksen lisukkeeksi voi laittaa my\u00f6s herkullisia pussitettuja perunoita, mutta j\u00e4t\u00e4mme sen sinun p\u00e4\u00e4tett\u00e4v\u00e4ksi. &nbsp; Ainekset2 kanaa, kukin 1 \u00bc kg (leikattu keskikokoisiksi paloiksi)100 gr. [&hellip;]<\/p>\n","protected":false},"author":1,"featured_media":0,"comment_status":"open","ping_status":"closed","sticky":false,"template":"","format":"standard","meta":{"_et_pb_use_builder":"on","_et_pb_old_content":"","_et_gb_content_width":"","footnotes":""},"categories":[1914],"tags":[],"class_list":["post-35774","post","type-post","status-publish","format-standard","hentry","category-luokittelematon"],"_links":{"self":[{"href":"https:\/\/myspainfood.com\/fi\/wp-json\/wp\/v2\/posts\/35774","targetHints":{"allow":["GET"]}}],"collection":[{"href":"https:\/\/myspainfood.com\/fi\/wp-json\/wp\/v2\/posts"}],"about":[{"href":"https:\/\/myspainfood.com\/fi\/wp-json\/wp\/v2\/types\/post"}],"author":[{"embeddable":true,"href":"https:\/\/myspainfood.com\/fi\/wp-json\/wp\/v2\/users\/1"}],"replies":[{"embeddable":true,"href":"https:\/\/myspainfood.com\/fi\/wp-json\/wp\/v2\/comments?post=35774"}],"version-history":[{"count":4,"href":"https:\/\/myspainfood.com\/fi\/wp-json\/wp\/v2\/posts\/35774\/revisions"}],"predecessor-version":[{"id":35806,"href":"https:\/\/myspainfood.com\/fi\/wp-json\/wp\/v2\/posts\/35774\/revisions\/35806"}],"wp:attachment":[{"href":"https:\/\/myspainfood.com\/fi\/wp-json\/wp\/v2\/media?parent=35774"}],"wp:term":[{"taxonomy":"category","embeddable":true,"href":"https:\/\/myspainfood.com\/fi\/wp-json\/wp\/v2\/categories?post=35774"},{"taxonomy":"post_tag","embeddable":true,"href":"https:\/\/myspainfood.com\/fi\/wp-json\/wp\/v2\/tags?post=35774"}],"curies":[{"name":"wp","href":"https:\/\/api.w.org\/{rel}","templated":true}]}}