{"id":35861,"date":"2022-12-21T13:45:15","date_gmt":"2022-12-21T12:45:15","guid":{"rendered":"https:\/\/myspainfood.com\/paistetut-sardiinit-valkoviinin-ja-korppujauhojen-kanssa\/"},"modified":"2025-05-08T15:40:01","modified_gmt":"2025-05-08T13:40:01","slug":"paistetut-sardiinit-valkoviinin-ja-korppujauhojen-kanssa","status":"publish","type":"post","link":"https:\/\/myspainfood.com\/fi\/paistetut-sardiinit-valkoviinin-ja-korppujauhojen-kanssa\/","title":{"rendered":"Paistetut sardiinit valkoviinin ja korppujauhojen kanssa"},"content":{"rendered":"<p>[et_pb_section fb_built=&#8221;1&#8243; theme_builder_area=&#8221;post_content&#8221; _builder_version=&#8221;4.19.4&#8243; _module_preset=&#8221;default&#8221;][et_pb_row _builder_version=&#8221;4.19.4&#8243; _module_preset=&#8221;default&#8221; theme_builder_area=&#8221;post_content&#8221;][et_pb_column _builder_version=&#8221;4.19.4&#8243; _module_preset=&#8221;default&#8221; type=&#8221;4_4&#8243; theme_builder_area=&#8221;post_content&#8221;][et_pb_text _builder_version=&#8221;4.19.4&#8243; _module_preset=&#8221;default&#8221; theme_builder_area=&#8221;post_content&#8221; hover_enabled=&#8221;0&#8243; sticky_enabled=&#8221;0&#8243;]Meill\u00e4 ei aina ole mahdollisuutta sy\u00f6d\u00e4 hyv\u00e4\u00e4 &#8221;espeto malague\u00f1oa&#8221;, jossa sardiinit sulavat suussa.<\/p>\n<p>La Tienda de Samissa n\u00e4yt\u00e4mme sinulle, miten paistettuja sardiineja valmistetaan muutamassa vaiheessa.<\/p>\n<p>Paistettuja sardiineja valkoviinin ja korppujauhojen kera<br \/>\nT\u00e4m\u00e4n muhennoksen lisukkeeksi voi laittaa my\u00f6s herkullisia perunoita, mutta j\u00e4t\u00e4mme sen sinun p\u00e4\u00e4tett\u00e4v\u00e4ksi.<\/p>\n<p>Ainekset<br \/>\n1 \u00bd kg. isoja sardiineja<br \/>\n5 rkl \u00f6ljy\u00e4<br \/>\n1 lasi (ei t\u00e4ysi) verdejoviini\u00e4 Cucamonas<br \/>\n3 rkl korppujauhoja.<br \/>\n1 rkl hienonnettua persiljaa<br \/>\n\u00bd sitruunan mehu<br \/>\n40 g voita<br \/>\nSuola<br \/>\nValmistus<br \/>\nPoista sardiineista p\u00e4\u00e4t ja luut. Pese ja kuivaa hyvin.<br \/>\nSuolaa kevyesti sardiinien sis\u00e4puoli (josta luut on poistettu).<br \/>\nKaada \u00f6ljy posliiniseen tai uuninkest\u00e4v\u00e4\u00e4n lasiseen vuokaan.<br \/>\nJ\u00e4rjest\u00e4 raa&#8217;at sardiinit niin, ett\u00e4 ne eiv\u00e4t ole p\u00e4\u00e4llekk\u00e4in.<br \/>\nRipottele p\u00e4\u00e4lle valkoviini ja sitruunamehu.<br \/>\nRipottele p\u00e4\u00e4lle hienonnettua persiljaa ja sitten korppujauhoja.<br \/>\nPeit\u00e4 kuutioiduilla voikuutioilla ja paista keskil\u00e4mm\u00f6ll\u00e4 noin 15 minuuttia, ja valele v\u00e4lill\u00e4 mehulla.<br \/>\nTarjoile samalla lautasella.<br \/>\nSe saa suumme vellomaan jo pelk\u00e4ss\u00e4 ajatuksessakin.[\/et_pb_text][\/et_pb_column][\/et_pb_row][\/et_pb_section]<\/p>\n","protected":false},"excerpt":{"rendered":"<p>Meill\u00e4 ei aina ole mahdollisuutta sy\u00f6d\u00e4 hyv\u00e4\u00e4 &#8221;espeto malague\u00f1oa&#8221;, jossa sardiinit sulavat suussa. La Tienda de Samissa n\u00e4yt\u00e4mme sinulle, miten paistettuja sardiineja valmistetaan muutamassa vaiheessa. Paistettuja sardiineja valkoviinin ja korppujauhojen kera T\u00e4m\u00e4n muhennoksen lisukkeeksi voi laittaa my\u00f6s herkullisia perunoita, mutta j\u00e4t\u00e4mme sen sinun p\u00e4\u00e4tett\u00e4v\u00e4ksi. Ainekset 1 \u00bd kg. isoja sardiineja 5 rkl \u00f6ljy\u00e4 1 lasi [&hellip;]<\/p>\n","protected":false},"author":1,"featured_media":0,"comment_status":"open","ping_status":"closed","sticky":false,"template":"","format":"standard","meta":{"_et_pb_use_builder":"on","_et_pb_old_content":"","_et_gb_content_width":"","footnotes":""},"categories":[1914],"tags":[],"class_list":["post-35861","post","type-post","status-publish","format-standard","hentry","category-luokittelematon"],"_links":{"self":[{"href":"https:\/\/myspainfood.com\/fi\/wp-json\/wp\/v2\/posts\/35861","targetHints":{"allow":["GET"]}}],"collection":[{"href":"https:\/\/myspainfood.com\/fi\/wp-json\/wp\/v2\/posts"}],"about":[{"href":"https:\/\/myspainfood.com\/fi\/wp-json\/wp\/v2\/types\/post"}],"author":[{"embeddable":true,"href":"https:\/\/myspainfood.com\/fi\/wp-json\/wp\/v2\/users\/1"}],"replies":[{"embeddable":true,"href":"https:\/\/myspainfood.com\/fi\/wp-json\/wp\/v2\/comments?post=35861"}],"version-history":[{"count":2,"href":"https:\/\/myspainfood.com\/fi\/wp-json\/wp\/v2\/posts\/35861\/revisions"}],"predecessor-version":[{"id":35872,"href":"https:\/\/myspainfood.com\/fi\/wp-json\/wp\/v2\/posts\/35861\/revisions\/35872"}],"wp:attachment":[{"href":"https:\/\/myspainfood.com\/fi\/wp-json\/wp\/v2\/media?parent=35861"}],"wp:term":[{"taxonomy":"category","embeddable":true,"href":"https:\/\/myspainfood.com\/fi\/wp-json\/wp\/v2\/categories?post=35861"},{"taxonomy":"post_tag","embeddable":true,"href":"https:\/\/myspainfood.com\/fi\/wp-json\/wp\/v2\/tags?post=35861"}],"curies":[{"name":"wp","href":"https:\/\/api.w.org\/{rel}","templated":true}]}}