{"id":16331,"date":"2022-12-21T13:45:15","date_gmt":"2022-12-21T12:45:15","guid":{"rendered":"https:\/\/myspainfood.com\/sardines-au-four-au-vin-blanc-et-a-la-chapelure\/"},"modified":"2025-05-08T15:32:55","modified_gmt":"2025-05-08T13:32:55","slug":"sardines-au-four-au-vin-blanc-et-a-la-chapelure","status":"publish","type":"post","link":"https:\/\/myspainfood.com\/fr\/sardines-au-four-au-vin-blanc-et-a-la-chapelure\/","title":{"rendered":"Sardines au four au vin blanc et \u00e0 la chapelure"},"content":{"rendered":"<p>[et_pb_section fb_built=\u00a0\u00bb1&Prime; theme_builder_area=\u00a0\u00bbpost_content\u00a0\u00bb _builder_version=\u00a0\u00bb4.19.4&Prime; _module_preset=\u00a0\u00bbdefault\u00a0\u00bb][et_pb_row _builder_version=\u00a0\u00bb4.19.4&Prime; _module_preset=\u00a0\u00bbdefault\u00a0\u00bb theme_builder_area=\u00a0\u00bbpost_content\u00a0\u00bb][et_pb_column _builder_version=\u00a0\u00bb4.19.4&Prime; _module_preset=\u00a0\u00bbdefault\u00a0\u00bb type=\u00a0\u00bb4_4&Prime; theme_builder_area=\u00a0\u00bbpost_content\u00a0\u00bb][et_pb_text _builder_version=\u00a0\u00bb4.19.4&Prime; _module_preset=\u00a0\u00bbdefault\u00a0\u00bb theme_builder_area=\u00a0\u00bbpost_content\u00a0\u00bb hover_enabled=\u00a0\u00bb0&Prime; sticky_enabled=\u00a0\u00bb0&Prime;]Nous n&rsquo;avons pas toujours l&rsquo;occasion de manger un bon \u00ab\u00a0espeto malague\u00f1o\u00a0\u00bb avec ces sardines qui fondent sur le palais.<\/p>\n<p>Dans La Tienda de Sami, nous allons vous montrer comment pr\u00e9parer des sardines au four en quelques \u00e9tapes.<\/p>\n<p>Sardines au four au vin blanc et \u00e0 la chapelure<br \/>\nVous pouvez \u00e9galement accompagner ce rago\u00fbt de d\u00e9licieuses pommes de terre, mais nous vous laissons le choix.<\/p>\n<p>Ingr\u00e9dients<br \/>\n1 \u00bd kg. de grosses sardines<br \/>\n5 cuill\u00e8res \u00e0 soupe d&rsquo;huile<br \/>\n1 verre (non plein) de vin verdejo Cucamonas<br \/>\n3 cuill\u00e8res \u00e0 soupe de chapelure.<br \/>\n1 cuill\u00e8re \u00e0 soupe de persil hach\u00e9<br \/>\nLe jus de \u00bd citron<br \/>\n40 gr. de beurre<br \/>\nSel<br \/>\nPr\u00e9paration<br \/>\nEnlevez les t\u00eates et les ar\u00eates des sardines. Lavez-les et s\u00e9chez-les bien.<br \/>\nSalez l\u00e9g\u00e8rement l&rsquo;int\u00e9rieur des sardines (l\u00e0 o\u00f9 les ar\u00eates ont \u00e9t\u00e9 retir\u00e9es).<br \/>\nVersez l&rsquo;huile dans un plat de cuisson en porcelaine ou en verre allant au four.<br \/>\nDisposez les sardines crues de mani\u00e8re \u00e0 ce qu&rsquo;elles ne soient pas empil\u00e9es les unes sur les autres.<br \/>\nArrosez avec le vin blanc et le jus de citron.<br \/>\nSaupoudrez de persil hach\u00e9, puis de chapelure.<br \/>\nCouvrez avec le beurre en d\u00e9s et faites cuire \u00e0 feu moyen pendant environ 15 minutes, en arrosant de temps en temps avec le jus de cuisson.<br \/>\nServez dans la m\u00eame assiette.<br \/>\nNous en avons l&rsquo;eau \u00e0 la bouche rien qu&rsquo;en y pensant.[\/et_pb_text][\/et_pb_column][\/et_pb_row][\/et_pb_section]<\/p>\n","protected":false},"excerpt":{"rendered":"<p>Nous n&rsquo;avons pas toujours l&rsquo;occasion de manger un bon \u00ab\u00a0espeto malague\u00f1o\u00a0\u00bb avec ces sardines qui fondent sur le palais. Dans La Tienda de Sami, nous allons vous montrer comment pr\u00e9parer des sardines au four en quelques \u00e9tapes. Sardines au four au vin blanc et \u00e0 la chapelure Vous pouvez \u00e9galement accompagner ce rago\u00fbt de d\u00e9licieuses [&hellip;]<\/p>\n","protected":false},"author":1,"featured_media":0,"comment_status":"closed","ping_status":"closed","sticky":false,"template":"","format":"standard","meta":{"_et_pb_use_builder":"on","_et_pb_old_content":"","_et_gb_content_width":"","footnotes":""},"categories":[1534],"tags":[],"class_list":["post-16331","post","type-post","status-publish","format-standard","hentry","category-sans-categorie"],"_links":{"self":[{"href":"https:\/\/myspainfood.com\/fr\/wp-json\/wp\/v2\/posts\/16331","targetHints":{"allow":["GET"]}}],"collection":[{"href":"https:\/\/myspainfood.com\/fr\/wp-json\/wp\/v2\/posts"}],"about":[{"href":"https:\/\/myspainfood.com\/fr\/wp-json\/wp\/v2\/types\/post"}],"author":[{"embeddable":true,"href":"https:\/\/myspainfood.com\/fr\/wp-json\/wp\/v2\/users\/1"}],"replies":[{"embeddable":true,"href":"https:\/\/myspainfood.com\/fr\/wp-json\/wp\/v2\/comments?post=16331"}],"version-history":[{"count":6,"href":"https:\/\/myspainfood.com\/fr\/wp-json\/wp\/v2\/posts\/16331\/revisions"}],"predecessor-version":[{"id":16381,"href":"https:\/\/myspainfood.com\/fr\/wp-json\/wp\/v2\/posts\/16331\/revisions\/16381"}],"wp:attachment":[{"href":"https:\/\/myspainfood.com\/fr\/wp-json\/wp\/v2\/media?parent=16331"}],"wp:term":[{"taxonomy":"category","embeddable":true,"href":"https:\/\/myspainfood.com\/fr\/wp-json\/wp\/v2\/categories?post=16331"},{"taxonomy":"post_tag","embeddable":true,"href":"https:\/\/myspainfood.com\/fr\/wp-json\/wp\/v2\/tags?post=16331"}],"curies":[{"name":"wp","href":"https:\/\/api.w.org\/{rel}","templated":true}]}}