{"id":16870,"date":"2022-12-21T10:41:59","date_gmt":"2022-12-21T09:41:59","guid":{"rendered":"https:\/\/myspainfood.com\/pate-de-poivrons-grilles-avec-du-thon\/"},"modified":"2025-05-08T15:32:57","modified_gmt":"2025-05-08T13:32:57","slug":"pate-de-poivrons-grilles-avec-du-thon","status":"publish","type":"post","link":"https:\/\/myspainfood.com\/fr\/pate-de-poivrons-grilles-avec-du-thon\/","title":{"rendered":"Pat\u00e9 de poivrons grill\u00e9s avec du thon"},"content":{"rendered":"<p>[et_pb_section fb_built=\u00a0\u00bb1&Prime; theme_builder_area=\u00a0\u00bbpost_content\u00a0\u00bb _builder_version=\u00a0\u00bb4.19.4&Prime; _module_preset=\u00a0\u00bbdefault\u00a0\u00bb][et_pb_row _builder_version=\u00a0\u00bb4.19.4&Prime; _module_preset=\u00a0\u00bbdefault\u00a0\u00bb theme_builder_area=\u00a0\u00bbpost_content\u00a0\u00bb][et_pb_column _builder_version=\u00a0\u00bb4.19.4&Prime; _module_preset=\u00a0\u00bbdefault\u00a0\u00bb type=\u00a0\u00bb4_4&Prime; theme_builder_area=\u00a0\u00bbpost_content\u00a0\u00bb][et_pb_text _builder_version=\u00a0\u00bb4.19.4&Prime; _module_preset=\u00a0\u00bbdefault\u00a0\u00bb theme_builder_area=\u00a0\u00bbpost_content\u00a0\u00bb hover_enabled=\u00a0\u00bb0&Prime; sticky_enabled=\u00a0\u00bb0&Prime;]Comme vous pouvez le constater, il existe de nombreux types de p\u00e2t\u00e9s : porc, boudin noir, sanglier, poulpe&#8230;.<\/p>\n<p>Aujourd&rsquo;hui, La Tienda de Sami vous explique comment pr\u00e9parer un p\u00e2t\u00e9 de poivrons grill\u00e9s au thon.<\/p>\n<p>P\u00e2t\u00e9 de poivrons r\u00f4tis au thon<br \/>\nUne des entr\u00e9es vedettes pour surprendre votre famille, facile et savoureuse, comme nous l&rsquo;aimons.<\/p>\n<p>Ingr\u00e9dients<br \/>\n200 g de poivrons grill\u00e9s<br \/>\n60 g de thon \u00e0 l&rsquo;huile d&rsquo;olive extra vierge<br \/>\n15 g de sauce d&rsquo;hu\u00eetre<br \/>\n4 g de cornichons<br \/>\n15 g de moutarde<br \/>\n1 gousse d&rsquo;ail<br \/>\n20 g d&rsquo;huile d&rsquo;olive extra vierge<br \/>\nSel et poivre<br \/>\nPr\u00e9paration<br \/>\nRetirez les poivrons de la bo\u00eete et \u00e9gouttez-les bien pour qu&rsquo;il ne reste plus d&rsquo;eau. Faites de m\u00eame avec le thon, car s&rsquo;il reste de l&rsquo;eau, il risque de perdre de sa densit\u00e9.<br \/>\nMettez tous les ingr\u00e9dients (sauf l&rsquo;huile) dans un mixeur et mixez jusqu&rsquo;\u00e0 l&rsquo;obtention d&rsquo;un m\u00e9lange consistant et homog\u00e8ne.<br \/>\nAjoutez le sel et l&rsquo;huile et mixez \u00e0 nouveau.<br \/>\nGo\u00fbtez le p\u00e2t\u00e9 et s&rsquo;il n&rsquo;est pas dense, ajoutez de la chapelure.<br \/>\nSavourez un d\u00e9licieux amuse-gueule ![\/et_pb_text][\/et_pb_column][\/et_pb_row][\/et_pb_section]<\/p>\n","protected":false},"excerpt":{"rendered":"<p>Comme vous pouvez le constater, il existe de nombreux types de p\u00e2t\u00e9s : porc, boudin noir, sanglier, poulpe&#8230;. Aujourd&rsquo;hui, La Tienda de Sami vous explique comment pr\u00e9parer un p\u00e2t\u00e9 de poivrons grill\u00e9s au thon. P\u00e2t\u00e9 de poivrons r\u00f4tis au thon Une des entr\u00e9es vedettes pour surprendre votre famille, facile et savoureuse, comme nous l&rsquo;aimons. Ingr\u00e9dients [&hellip;]<\/p>\n","protected":false},"author":1,"featured_media":0,"comment_status":"closed","ping_status":"closed","sticky":false,"template":"","format":"standard","meta":{"_et_pb_use_builder":"on","_et_pb_old_content":"","_et_gb_content_width":"","footnotes":""},"categories":[1534],"tags":[],"class_list":["post-16870","post","type-post","status-publish","format-standard","hentry","category-sans-categorie"],"_links":{"self":[{"href":"https:\/\/myspainfood.com\/fr\/wp-json\/wp\/v2\/posts\/16870","targetHints":{"allow":["GET"]}}],"collection":[{"href":"https:\/\/myspainfood.com\/fr\/wp-json\/wp\/v2\/posts"}],"about":[{"href":"https:\/\/myspainfood.com\/fr\/wp-json\/wp\/v2\/types\/post"}],"author":[{"embeddable":true,"href":"https:\/\/myspainfood.com\/fr\/wp-json\/wp\/v2\/users\/1"}],"replies":[{"embeddable":true,"href":"https:\/\/myspainfood.com\/fr\/wp-json\/wp\/v2\/comments?post=16870"}],"version-history":[{"count":6,"href":"https:\/\/myspainfood.com\/fr\/wp-json\/wp\/v2\/posts\/16870\/revisions"}],"predecessor-version":[{"id":16916,"href":"https:\/\/myspainfood.com\/fr\/wp-json\/wp\/v2\/posts\/16870\/revisions\/16916"}],"wp:attachment":[{"href":"https:\/\/myspainfood.com\/fr\/wp-json\/wp\/v2\/media?parent=16870"}],"wp:term":[{"taxonomy":"category","embeddable":true,"href":"https:\/\/myspainfood.com\/fr\/wp-json\/wp\/v2\/categories?post=16870"},{"taxonomy":"post_tag","embeddable":true,"href":"https:\/\/myspainfood.com\/fr\/wp-json\/wp\/v2\/tags?post=16870"}],"curies":[{"name":"wp","href":"https:\/\/api.w.org\/{rel}","templated":true}]}}