{"id":35761,"date":"2022-12-21T12:42:57","date_gmt":"2022-12-21T11:42:57","guid":{"rendered":"https:\/\/myspainfood.com\/pileci-gulas-s-lukom-rajcicom-i-crvenom-paprikom\/"},"modified":"2025-05-08T15:39:43","modified_gmt":"2025-05-08T13:39:43","slug":"pileci-gulas-s-lukom-rajcicom-i-crvenom-paprikom","status":"publish","type":"post","link":"https:\/\/myspainfood.com\/hr\/pileci-gulas-s-lukom-rajcicom-i-crvenom-paprikom\/","title":{"rendered":"Pile\u0107i gula\u0161 s lukom, raj\u010dicom i crvenom paprikom"},"content":{"rendered":"<p>[et_pb_section fb_built=&#8221;1&#8243; theme_builder_area=&#8221;post_content&#8221; _builder_version=&#8221;4.19.4&#8243; _module_preset=&#8221;default&#8221;][et_pb_row _builder_version=&#8221;4.19.4&#8243; _module_preset=&#8221;default&#8221; theme_builder_area=&#8221;post_content&#8221;][et_pb_column _builder_version=&#8221;4.19.4&#8243; _module_preset=&#8221;default&#8221; type=&#8221;4_4&#8243; theme_builder_area=&#8221;post_content&#8221;][et_pb_text _builder_version=&#8221;4.19.4&#8243; _module_preset=&#8221;default&#8221; theme_builder_area=&#8221;post_content&#8221; hover_enabled=&#8221;0&#8243; sticky_enabled=&#8221;0&#8243;]<\/p>\n<p>Volimo kuhati ovakve variva jer su to tradicionalna jela.<br \/>Postoje mnoge sorte.<\/p>\n<p>U Sami&#8217;s Storeu u\u010dimo vas kako pripremiti ovo ukusno jelo.<\/p>\n<p>Pile\u0107i gula\u0161 s lukom, raj\u010dicom i crvenom paprikom<br \/> Kao prilog ovom varivo mo\u017eete dodati i neke ukusne \u010dips od krumpira, ali to ovisi o vama.<\/p>\n<p>&nbsp;<\/p>\n<p>Sastojci<br \/> 2 pileta od 1 \u00bc kg. svaki (narezan na srednje komade)<br \/> 100 gr. prugasta slanina<br \/> 4 \u017elice ulja<br \/> 6 malih raj\u010dica<br \/> 8 francuskih lukova<br \/> 1 komadi\u0107 maslaca<br \/> 1 mala konzerva (100 g) paprika piquillo (pe\u010denih na drva)<br \/> Pola \u010da\u0161e (vode) bijelog vina<br \/> Pola \u010da\u0161e (vode) vode<br \/> 1 prstohvat aromati\u010dnog bilja<br \/> 1 \u017elica nasjeckanog per\u0161ina<br \/> Sol<br \/> Priprema<br \/> Nakon \u0161to je flambirano i pripremljeno, piletinu nare\u017eite na komade.<br \/> Zagrijte ulje u tavi. Kad su gotovi, dobro popr\u017eite komade piletine.<br \/> Dodajte nasjeckanu slaninu. Dodajte oguljene, ali cijele raj\u010dice.  <br \/>Za\u010dinite solju i za\u010dinskim biljem.<br \/>Dobro promije\u0161ajte drvenom \u017elicom i ulijte vino i vodu.<br \/>Pokrijte tavu poklopcem i kuhajte piletinu na srednjoj vatri oko 45 minuta, ako omek\u0161a, ili malo du\u017ee, ali pazite da se komadi ne raspadnu.<br \/>Odvojeno, u maloj tavi, kuhajte oguljeni luk s maslacem, malo vode da ga prekrije i solju.<br \/>Kad piletina omek\u0161a, dodajte luk, tanko narezanu papriku i nasjeckani per\u0161in.<br \/>Promije\u0161ajte drvenom \u017elicom i odmah poslu\u017eite na pladnju.<br \/>Samo pomisao na to nam tjera vodu na usta.<\/p>\n<p>[\/et_pb_text][\/et_pb_column][\/et_pb_row][\/et_pb_section]<\/p>\n","protected":false},"excerpt":{"rendered":"<p>Volimo kuhati ovakve variva jer su to tradicionalna jela.Postoje mnoge sorte. U Sami&#8217;s Storeu u\u010dimo vas kako pripremiti ovo ukusno jelo. Pile\u0107i gula\u0161 s lukom, raj\u010dicom i crvenom paprikom Kao prilog ovom varivo mo\u017eete dodati i neke ukusne \u010dips od krumpira, ali to ovisi o vama. &nbsp; Sastojci 2 pileta od 1 \u00bc kg. svaki [&hellip;]<\/p>\n","protected":false},"author":1,"featured_media":0,"comment_status":"open","ping_status":"closed","sticky":false,"template":"","format":"standard","meta":{"_et_pb_use_builder":"on","_et_pb_old_content":"","_et_gb_content_width":"","footnotes":""},"categories":[1912],"tags":[],"class_list":["post-35761","post","type-post","status-publish","format-standard","hentry","category-nekategorizirano"],"_links":{"self":[{"href":"https:\/\/myspainfood.com\/hr\/wp-json\/wp\/v2\/posts\/35761","targetHints":{"allow":["GET"]}}],"collection":[{"href":"https:\/\/myspainfood.com\/hr\/wp-json\/wp\/v2\/posts"}],"about":[{"href":"https:\/\/myspainfood.com\/hr\/wp-json\/wp\/v2\/types\/post"}],"author":[{"embeddable":true,"href":"https:\/\/myspainfood.com\/hr\/wp-json\/wp\/v2\/users\/1"}],"replies":[{"embeddable":true,"href":"https:\/\/myspainfood.com\/hr\/wp-json\/wp\/v2\/comments?post=35761"}],"version-history":[{"count":6,"href":"https:\/\/myspainfood.com\/hr\/wp-json\/wp\/v2\/posts\/35761\/revisions"}],"predecessor-version":[{"id":35810,"href":"https:\/\/myspainfood.com\/hr\/wp-json\/wp\/v2\/posts\/35761\/revisions\/35810"}],"wp:attachment":[{"href":"https:\/\/myspainfood.com\/hr\/wp-json\/wp\/v2\/media?parent=35761"}],"wp:term":[{"taxonomy":"category","embeddable":true,"href":"https:\/\/myspainfood.com\/hr\/wp-json\/wp\/v2\/categories?post=35761"},{"taxonomy":"post_tag","embeddable":true,"href":"https:\/\/myspainfood.com\/hr\/wp-json\/wp\/v2\/tags?post=35761"}],"curies":[{"name":"wp","href":"https:\/\/api.w.org\/{rel}","templated":true}]}}