{"id":16320,"date":"2022-12-21T13:45:15","date_gmt":"2022-12-21T12:45:15","guid":{"rendered":"https:\/\/myspainfood.com\/sult-szardinia-feherborral-es-zsemlemorzsaval\/"},"modified":"2025-05-08T15:32:55","modified_gmt":"2025-05-08T13:32:55","slug":"sult-szardinia-feherborral-es-zsemlemorzsaval","status":"publish","type":"post","link":"https:\/\/myspainfood.com\/hu\/sult-szardinia-feherborral-es-zsemlemorzsaval\/","title":{"rendered":"S\u00fclt szard\u00ednia feh\u00e9rborral \u00e9s zsemlemorzs\u00e1val"},"content":{"rendered":"<p>[et_pb_section fb_built=&#8221;1&#8243; theme_builder_area=&#8221;post_content&#8221; _builder_version=&#8221;4.19.4&#8243; _module_preset=&#8221;default&#8221;][et_pb_row _builder_version=&#8221;4.19.4&#8243; _module_preset=&#8221;default&#8221; theme_builder_area=&#8221;post_content&#8221;][et_pb_column _builder_version=&#8221;4.19.4&#8243; _module_preset=&#8221;default&#8221; type=&#8221;4_4&#8243; theme_builder_area=&#8221;post_content&#8221;][et_pb_text _builder_version=&#8221;4.19.4&#8243; _module_preset=&#8221;default&#8221; theme_builder_area=&#8221;post_content&#8221; hover_enabled=&#8221;0&#8243; sticky_enabled=&#8221;0&#8243;]Nem mindig van lehet\u0151s\u00e9g\u00fcnk egy j\u00f3 &#8222;espeto malague\u00f1o&#8221;-t enni azokkal a szard\u00edni\u00e1kkal, amelyek elolvadnak a sz\u00e1jpadl\u00e1son.<\/p>\n<p>A La Tienda de Samiban megmutatjuk, hogyan k\u00e9sz\u00edthetsz s\u00fclt szard\u00edni\u00e1t n\u00e9h\u00e1ny l\u00e9p\u00e9sben.<\/p>\n<p>S\u00fclt szard\u00ednia feh\u00e9rborral \u00e9s zsemlemorzs\u00e1val<br \/>\nA p\u00f6rk\u00f6lt mell\u00e9 finom burgony\u00e1t is adhat, de ezt \u00d6nre b\u00edzzuk.<\/p>\n<p>Hozz\u00e1val\u00f3k<br \/>\n1 \u00bd kg. nagy szard\u00ednia<br \/>\n5 ev\u0151kan\u00e1l olaj<br \/>\n1 poh\u00e1r (nem teli) verdejo bor Cucamonas<br \/>\n3 ev\u0151kan\u00e1l zsemlemorzsa.<br \/>\n1 ev\u0151kan\u00e1l apr\u00f3ra v\u00e1gott petrezselyem<br \/>\n\u00bd citrom leve<br \/>\n40 gr. vaj<br \/>\ns\u00f3<br \/>\nElk\u00e9sz\u00edt\u00e9s<br \/>\nA szard\u00edni\u00e1k fej\u00e9t \u00e9s csontjait t\u00e1vol\u00edtsa el. Mossuk meg \u00e9s sz\u00e1r\u00edtsuk meg nagyon j\u00f3l.<br \/>\nA szard\u00edni\u00e1k belsej\u00e9t (ahol a csontokat elt\u00e1vol\u00edtottuk) enyh\u00e9n s\u00f3zzuk meg.<br \/>\n\u00d6ntse az olajat egy porcel\u00e1n vagy t\u0171z\u00e1ll\u00f3 \u00fcveg tepsibe.<br \/>\nRendezze el a nyers szard\u00edni\u00e1kat \u00fagy, hogy ne legyenek egym\u00e1sra halmozva.<br \/>\nLocsoljuk meg a feh\u00e9rborral \u00e9s a citroml\u00e9vel.<br \/>\nSz\u00f3rjuk meg az apr\u00f3ra v\u00e1gott petrezselyemmel, majd a zsemlemorzs\u00e1val.<br \/>\nFedj\u00fck le a felkock\u00e1zott vajjal, \u00e9s k\u00f6zepes l\u00e1ngon s\u00fcss\u00fck kb. 15 percig, id\u0151nk\u00e9nt locsoljuk meg a szaftj\u00e1val.<br \/>\nT\u00e1laljuk ugyanazon a t\u00e1ny\u00e9ron.<br \/>\nM\u00e1r a puszta gondolat\u00e1t\u00f3l is \u00f6sszefut a sz\u00e1nk.[\/et_pb_text][\/et_pb_column][\/et_pb_row][\/et_pb_section]<\/p>\n","protected":false},"excerpt":{"rendered":"<p>Nem mindig van lehet\u0151s\u00e9g\u00fcnk egy j\u00f3 &#8222;espeto malague\u00f1o&#8221;-t enni azokkal a szard\u00edni\u00e1kkal, amelyek elolvadnak a sz\u00e1jpadl\u00e1son. A La Tienda de Samiban megmutatjuk, hogyan k\u00e9sz\u00edthetsz s\u00fclt szard\u00edni\u00e1t n\u00e9h\u00e1ny l\u00e9p\u00e9sben. S\u00fclt szard\u00ednia feh\u00e9rborral \u00e9s zsemlemorzs\u00e1val A p\u00f6rk\u00f6lt mell\u00e9 finom burgony\u00e1t is adhat, de ezt \u00d6nre b\u00edzzuk. Hozz\u00e1val\u00f3k 1 \u00bd kg. nagy szard\u00ednia 5 ev\u0151kan\u00e1l olaj 1 poh\u00e1r [&hellip;]<\/p>\n","protected":false},"author":1,"featured_media":0,"comment_status":"closed","ping_status":"closed","sticky":false,"template":"","format":"standard","meta":{"_et_pb_use_builder":"on","_et_pb_old_content":"","_et_gb_content_width":"","footnotes":""},"categories":[1532],"tags":[],"class_list":["post-16320","post","type-post","status-publish","format-standard","hentry","category-nem-kategorizalt"],"_links":{"self":[{"href":"https:\/\/myspainfood.com\/hu\/wp-json\/wp\/v2\/posts\/16320","targetHints":{"allow":["GET"]}}],"collection":[{"href":"https:\/\/myspainfood.com\/hu\/wp-json\/wp\/v2\/posts"}],"about":[{"href":"https:\/\/myspainfood.com\/hu\/wp-json\/wp\/v2\/types\/post"}],"author":[{"embeddable":true,"href":"https:\/\/myspainfood.com\/hu\/wp-json\/wp\/v2\/users\/1"}],"replies":[{"embeddable":true,"href":"https:\/\/myspainfood.com\/hu\/wp-json\/wp\/v2\/comments?post=16320"}],"version-history":[{"count":8,"href":"https:\/\/myspainfood.com\/hu\/wp-json\/wp\/v2\/posts\/16320\/revisions"}],"predecessor-version":[{"id":16379,"href":"https:\/\/myspainfood.com\/hu\/wp-json\/wp\/v2\/posts\/16320\/revisions\/16379"}],"wp:attachment":[{"href":"https:\/\/myspainfood.com\/hu\/wp-json\/wp\/v2\/media?parent=16320"}],"wp:term":[{"taxonomy":"category","embeddable":true,"href":"https:\/\/myspainfood.com\/hu\/wp-json\/wp\/v2\/categories?post=16320"},{"taxonomy":"post_tag","embeddable":true,"href":"https:\/\/myspainfood.com\/hu\/wp-json\/wp\/v2\/tags?post=16320"}],"curies":[{"name":"wp","href":"https:\/\/api.w.org\/{rel}","templated":true}]}}