{"id":16656,"date":"2022-12-19T09:52:12","date_gmt":"2022-12-19T08:52:12","guid":{"rendered":"https:\/\/myspainfood.com\/salatak-extra-szuz-olivaolajjal\/"},"modified":"2025-05-08T15:32:59","modified_gmt":"2025-05-08T13:32:59","slug":"salatak-extra-szuz-olivaolajjal","status":"publish","type":"post","link":"https:\/\/myspainfood.com\/hu\/salatak-extra-szuz-olivaolajjal\/","title":{"rendered":"Sal\u00e1t\u00e1k extra sz\u0171z ol\u00edvaolajjal"},"content":{"rendered":"<p>[et_pb_section fb_built=&#8221;1&#8243; theme_builder_area=&#8221;post_content&#8221; _builder_version=&#8221;4.19.4&#8243; _module_preset=&#8221;default&#8221;][et_pb_row _builder_version=&#8221;4.19.4&#8243; _module_preset=&#8221;default&#8221; theme_builder_area=&#8221;post_content&#8221;][et_pb_column _builder_version=&#8221;4.19.4&#8243; _module_preset=&#8221;default&#8221; type=&#8221;4_4&#8243; theme_builder_area=&#8221;post_content&#8221;][et_pb_text _builder_version=&#8221;4.19.4&#8243; _module_preset=&#8221;default&#8221; theme_builder_area=&#8221;post_content&#8221; hover_enabled=&#8221;0&#8243; sticky_enabled=&#8221;0&#8243;]<\/p>\n<p>Gasztron\u00f3mi\u00e1nk egyik leghagyom\u00e1nyosabb \u00e9s legb\u00fcszk\u00e9bb eleme az ol\u00edvaolaj, amelynek el\u0151nyei \u00e9s t\u00e1pl\u00e1lkoz\u00e1si <a href=\"https:\/\/en.wikipedia.org\/wiki\/Olive_oil\" target=\"_blank\" rel=\"noopener noreferrer nofollow\">tulajdons\u00e1gai<\/a> j\u00f3l ismertek.<\/p>\n<p>A MySpainFood-t\u00f3l egy sor \u00f6tletet k\u00edn\u00e1lunk \u00d6nnek, hogy k\u00f6nny\u0171 \u00e9s egyszer\u0171 sal\u00e1t\u00e1kat k\u00e9sz\u00edtsen, hogy \u00e9lvezhesse ezt a csod\u00e1latos term\u00e9ket.<\/p>\n<p>Parasztsal\u00e1ta<br \/>Ezt a sal\u00e1t\u00e1t \u00e1ltal\u00e1ban ink\u00e1bb ny\u00e1ron fogyasztj\u00e1k, de az \u00e9v b\u00e1rmely szak\u00e1ban alkalmas.<\/p>\n<p>&nbsp;<\/p>\n<p>Hozz\u00e1val\u00f3k<br \/>400 gramm burgonya.<br \/>1 piros paprika<br \/>1 z\u00f6ldpaprika<br \/>2 toj\u00e1s<br \/>1 hagyma<br \/>1 nat\u00far paradicsom<br \/>220 gramm tonhal.<br \/>10 olajbogy\u00f3.<br \/>petrezselyem<br \/>fekete bors<br \/>s\u00f3<br \/>50 gramm olaj.<\/p>\n<p>&nbsp;<\/p>\n<p>El\u0151k\u00e9sz\u00edt\u00e9s<br \/>El\u0151sz\u00f6r a burgony\u00e1t \u00e9s a toj\u00e1st kell megf\u0151zni.<\/p>\n<p>Ezut\u00e1n a burgony\u00e1t 5 cm-es darabokra v\u00e1gjuk.<\/p>\n<p>Hagyma, paradicsom \u00e9s paprika 3 cm-es darabokra v\u00e1gva.<\/p>\n<p>Keverje \u00f6ssze az \u00f6sszes hozz\u00e1val\u00f3t egy t\u00e1lban, \u00e9s egyenletesen \u00f6ntse fel.<\/p>\n<p>K\u00e9szen \u00e1ll az ev\u00e9sre!<\/p>\n<p>&nbsp;<\/p>\n<p>&nbsp;<\/p>\n<p>Paprikasal\u00e1ta tonhallal<br \/>Ez a sal\u00e1ta t\u00f6k\u00e9letes el\u0151\u00e9tel a k\u00fcl\u00f6nleges csal\u00e1di \u00e9tkez\u00e9sekhez.<\/p>\n<p>&nbsp;<\/p>\n<p>\u00d6sszetev\u0151k<br \/>400 g paprika.<br \/>200 g tonhal.<br \/>50 g olaj.<\/p>\n<p>&nbsp;<\/p>\n<p>Elk\u00e9sz\u00edt\u00e9s<br \/>A legegyszer\u0171bb recept az \u00f6sszes k\u00f6z\u00fcl, de semmik\u00e9ppen sem a legkev\u00e9sb\u00e9 \u00e9tv\u00e1gygerjeszt\u0151.<\/p>\n<p>Nyissa ki a paprik\u00e1s \u00e9s a tonhalas \u00fcveget. Egyenletesen keverj\u00fck \u00f6ssze, \u00e9s v\u00e9g\u00fcl adhatunk hozz\u00e1 egy csepp olajat, hogy megadja azt az intenz\u00edv \u00edzt, amit annyira szeret\u00fcnk. <\/p>\n<p>\u00c9lvezze.<\/p>\n<p>&nbsp;<\/p>\n<p>&nbsp;<\/p>\n<p>Caprese sal\u00e1ta<br \/>Egy olasz eredet\u0171 sal\u00e1ta, amely az\u00e9rt \u00e9rkezett haz\u00e1nkba, hogy maradjon.<\/p>\n<p>&nbsp;<\/p>\n<p>Hozz\u00e1val\u00f3k<br \/>Mozzarella 1 labda<br \/>H\u00fasos paradicsom<br \/>Olaj<br \/>Modena ecet<br \/>S\u00f3 \u00e9s bors \u00edzl\u00e9s szerint.<\/p>\n<p>&nbsp;<\/p>\n<p>Elk\u00e9sz\u00edt\u00e9s<br \/>A mozzarell\u00e1t \u00e9s a paradicsomot szeletekre v\u00e1gjuk.<\/p>\n<p>Tegy\u00fck \u0151ket egy t\u00e1ny\u00e9rra, adjuk hozz\u00e1 a bazsalikomleveleket, az olajat \u00e9s n\u00e9h\u00e1ny csepp ecetet.<\/p>\n<p>\u00c9lvezze.<\/p>\n<p>[\/et_pb_text][\/et_pb_column][\/et_pb_row][\/et_pb_section]<\/p>\n","protected":false},"excerpt":{"rendered":"<p>Gasztron\u00f3mi\u00e1nk egyik leghagyom\u00e1nyosabb \u00e9s legb\u00fcszk\u00e9bb eleme az ol\u00edvaolaj, amelynek el\u0151nyei \u00e9s t\u00e1pl\u00e1lkoz\u00e1si tulajdons\u00e1gai j\u00f3l ismertek. A MySpainFood-t\u00f3l egy sor \u00f6tletet k\u00edn\u00e1lunk \u00d6nnek, hogy k\u00f6nny\u0171 \u00e9s egyszer\u0171 sal\u00e1t\u00e1kat k\u00e9sz\u00edtsen, hogy \u00e9lvezhesse ezt a csod\u00e1latos term\u00e9ket. Parasztsal\u00e1taEzt a sal\u00e1t\u00e1t \u00e1ltal\u00e1ban ink\u00e1bb ny\u00e1ron fogyasztj\u00e1k, de az \u00e9v b\u00e1rmely szak\u00e1ban alkalmas. &nbsp; Hozz\u00e1val\u00f3k400 gramm burgonya.1 piros paprika1 z\u00f6ldpaprika2 toj\u00e1s1 [&hellip;]<\/p>\n","protected":false},"author":1,"featured_media":0,"comment_status":"closed","ping_status":"closed","sticky":false,"template":"","format":"standard","meta":{"_et_pb_use_builder":"on","_et_pb_old_content":"","_et_gb_content_width":"","footnotes":""},"categories":[1532],"tags":[],"class_list":["post-16656","post","type-post","status-publish","format-standard","hentry","category-nem-kategorizalt"],"_links":{"self":[{"href":"https:\/\/myspainfood.com\/hu\/wp-json\/wp\/v2\/posts\/16656","targetHints":{"allow":["GET"]}}],"collection":[{"href":"https:\/\/myspainfood.com\/hu\/wp-json\/wp\/v2\/posts"}],"about":[{"href":"https:\/\/myspainfood.com\/hu\/wp-json\/wp\/v2\/types\/post"}],"author":[{"embeddable":true,"href":"https:\/\/myspainfood.com\/hu\/wp-json\/wp\/v2\/users\/1"}],"replies":[{"embeddable":true,"href":"https:\/\/myspainfood.com\/hu\/wp-json\/wp\/v2\/comments?post=16656"}],"version-history":[{"count":6,"href":"https:\/\/myspainfood.com\/hu\/wp-json\/wp\/v2\/posts\/16656\/revisions"}],"predecessor-version":[{"id":16677,"href":"https:\/\/myspainfood.com\/hu\/wp-json\/wp\/v2\/posts\/16656\/revisions\/16677"}],"wp:attachment":[{"href":"https:\/\/myspainfood.com\/hu\/wp-json\/wp\/v2\/media?parent=16656"}],"wp:term":[{"taxonomy":"category","embeddable":true,"href":"https:\/\/myspainfood.com\/hu\/wp-json\/wp\/v2\/categories?post=16656"},{"taxonomy":"post_tag","embeddable":true,"href":"https:\/\/myspainfood.com\/hu\/wp-json\/wp\/v2\/tags?post=16656"}],"curies":[{"name":"wp","href":"https:\/\/api.w.org\/{rel}","templated":true}]}}