{"id":16694,"date":"2022-12-20T12:15:49","date_gmt":"2022-12-20T11:15:49","guid":{"rendered":"https:\/\/myspainfood.com\/lencse-egyszeruen-es-izletesen\/"},"modified":"2025-05-08T15:32:59","modified_gmt":"2025-05-08T13:32:59","slug":"lencse-egyszeruen-es-izletesen","status":"publish","type":"post","link":"https:\/\/myspainfood.com\/hu\/lencse-egyszeruen-es-izletesen\/","title":{"rendered":"Lencse egyszer\u0171en \u00e9s \u00edzletesen"},"content":{"rendered":"<p>[et_pb_section fb_built=&#8221;1&#8243; _builder_version=&#8221;4.19.4&#8243; _module_preset=&#8221;default&#8221; global_colors_info=&#8221;{}&#8221; theme_builder_area=&#8221;post_content&#8221;][et_pb_row _builder_version=&#8221;4.19.4&#8243; _module_preset=&#8221;default&#8221; global_colors_info=&#8221;{}&#8221; theme_builder_area=&#8221;post_content&#8221;][et_pb_column type=&#8221;4_4&#8243; _builder_version=&#8221;4.19.4&#8243; _module_preset=&#8221;default&#8221; global_colors_info=&#8221;{}&#8221; theme_builder_area=&#8221;post_content&#8221;][et_pb_text _builder_version=&#8221;4.19.4&#8243; _module_preset=&#8221;default&#8221; global_colors_info=&#8221;{}&#8221; theme_builder_area=&#8221;post_content&#8221;]<\/p>\n<p>A lencse amellett, hogy a havi \u00e9trend\u00fcnkben nagyon gyakori vasforr\u00e1s, m\u00e1s t\u00e1pl\u00e1lkoz\u00e1si el\u0151ny\u00f6kkel is rendelkezik, amelyeket nem lehet nem felfedezni.<\/p>\n<p>A MySpainFood-t\u00f3l egy egyszer\u0171 \u00e9s gyors receptet aj\u00e1nlunk \u00d6nnek, amellyel k\u00f6nnyed\u00e9n \u00e9lvezheti a lencs\u00e9t, \u00e9s kihaszn\u00e1lhatja annak \u00f6sszes t\u00e1p\u00e9rt\u00e9k\u00e9t.<\/p>\n<p>Lencse choriz\u00f3val<br \/>A choriz\u00f3t helyettes\u00edtheti chistorra kolb\u00e1sszal, b\u00e1r ha choriz\u00f3t haszn\u00e1l, mindig jobb keny\u00e9rrel.<\/p>\n<p>Hozz\u00e1val\u00f3k<br \/>300 g lencse.<br \/>50 g pirospaprika<br \/>50 g z\u00f6ldpaprika<br \/>100 g hagyma<br \/>50 g olaj<br \/>50 g p\u00f3r\u00e9hagyma<br \/>2 gerezd fokhagyma<br \/>1 s\u00e1rgar\u00e9pa<br \/>100 g chorizo<br \/>100 g kock\u00e1ra v\u00e1gott sonka<br \/>1 ev\u0151kan\u00e1l \u00e9des paprika<br \/>1 bab\u00e9rlev\u00e9l<br \/>900 g v\u00edz.<\/p>\n<p>Elk\u00e9sz\u00edt\u00e9s<br \/>A lencs\u00e9t el\u0151z\u0151leg legal\u00e1bb 3 \u00f3r\u00e1ra be\u00e1ztatjuk.<br \/>A hagym\u00e1t, paprik\u00e1t, p\u00f3r\u00e9hagym\u00e1t, fokhagym\u00e1t \u00e9s s\u00e1rgar\u00e9p\u00e1t 2\/3 cm-es darabokra v\u00e1gjuk.<br \/>Olajban kb. 8 percig pir\u00edtjuk.<br \/>Tegye a sofrit\u00f3t, a paprik\u00e1t, a choriz\u00f3t, a megmosott \u00e9s lecs\u00f6p\u00f6gtetett lencs\u00e9t, a kock\u00e1ra v\u00e1gott sonk\u00e1t, a bab\u00e9rlevelet \u00e9s a vizet egy l\u00e1basba.<br \/>F\u0151zze 30 percig.<br \/>Most m\u00e1r finom lencs\u00e9i vannak!<\/p>\n<p>[\/et_pb_text][\/et_pb_column][\/et_pb_row][\/et_pb_section]<\/p>\n","protected":false},"excerpt":{"rendered":"<p>A lencse amellett, hogy a havi \u00e9trend\u00fcnkben nagyon gyakori vasforr\u00e1s, m\u00e1s t\u00e1pl\u00e1lkoz\u00e1si el\u0151ny\u00f6kkel is rendelkezik, amelyeket nem lehet nem felfedezni. A MySpainFood-t\u00f3l egy egyszer\u0171 \u00e9s gyors receptet aj\u00e1nlunk \u00d6nnek, amellyel k\u00f6nnyed\u00e9n \u00e9lvezheti a lencs\u00e9t, \u00e9s kihaszn\u00e1lhatja annak \u00f6sszes t\u00e1p\u00e9rt\u00e9k\u00e9t. Lencse choriz\u00f3valA choriz\u00f3t helyettes\u00edtheti chistorra kolb\u00e1sszal, b\u00e1r ha choriz\u00f3t haszn\u00e1l, mindig jobb keny\u00e9rrel. Hozz\u00e1val\u00f3k300 g lencse.50 [&hellip;]<\/p>\n","protected":false},"author":1,"featured_media":0,"comment_status":"closed","ping_status":"closed","sticky":false,"template":"","format":"standard","meta":{"_et_pb_use_builder":"on","_et_pb_old_content":"","_et_gb_content_width":"","footnotes":""},"categories":[1532],"tags":[],"class_list":["post-16694","post","type-post","status-publish","format-standard","hentry","category-nem-kategorizalt"],"_links":{"self":[{"href":"https:\/\/myspainfood.com\/hu\/wp-json\/wp\/v2\/posts\/16694","targetHints":{"allow":["GET"]}}],"collection":[{"href":"https:\/\/myspainfood.com\/hu\/wp-json\/wp\/v2\/posts"}],"about":[{"href":"https:\/\/myspainfood.com\/hu\/wp-json\/wp\/v2\/types\/post"}],"author":[{"embeddable":true,"href":"https:\/\/myspainfood.com\/hu\/wp-json\/wp\/v2\/users\/1"}],"replies":[{"embeddable":true,"href":"https:\/\/myspainfood.com\/hu\/wp-json\/wp\/v2\/comments?post=16694"}],"version-history":[{"count":6,"href":"https:\/\/myspainfood.com\/hu\/wp-json\/wp\/v2\/posts\/16694\/revisions"}],"predecessor-version":[{"id":16730,"href":"https:\/\/myspainfood.com\/hu\/wp-json\/wp\/v2\/posts\/16694\/revisions\/16730"}],"wp:attachment":[{"href":"https:\/\/myspainfood.com\/hu\/wp-json\/wp\/v2\/media?parent=16694"}],"wp:term":[{"taxonomy":"category","embeddable":true,"href":"https:\/\/myspainfood.com\/hu\/wp-json\/wp\/v2\/categories?post=16694"},{"taxonomy":"post_tag","embeddable":true,"href":"https:\/\/myspainfood.com\/hu\/wp-json\/wp\/v2\/tags?post=16694"}],"curies":[{"name":"wp","href":"https:\/\/api.w.org\/{rel}","templated":true}]}}