{"id":16859,"date":"2022-12-21T10:41:59","date_gmt":"2022-12-21T09:41:59","guid":{"rendered":"https:\/\/myspainfood.com\/pate-sult-paprikabol-tonhalas-halakkal\/"},"modified":"2025-05-08T15:32:57","modified_gmt":"2025-05-08T13:32:57","slug":"pate-sult-paprikabol-tonhalas-halakkal","status":"publish","type":"post","link":"https:\/\/myspainfood.com\/hu\/pate-sult-paprikabol-tonhalas-halakkal\/","title":{"rendered":"Pat\u00e9 s\u00fclt paprik\u00e1b\u00f3l tonhalas halakkal"},"content":{"rendered":"<p>[et_pb_section fb_built=&#8221;1&#8243; theme_builder_area=&#8221;post_content&#8221; _builder_version=&#8221;4.19.4&#8243; _module_preset=&#8221;default&#8221;][et_pb_row _builder_version=&#8221;4.19.4&#8243; _module_preset=&#8221;default&#8221; theme_builder_area=&#8221;post_content&#8221;][et_pb_column _builder_version=&#8221;4.19.4&#8243; _module_preset=&#8221;default&#8221; type=&#8221;4_4&#8243; theme_builder_area=&#8221;post_content&#8221;][et_pb_text _builder_version=&#8221;4.19.4&#8243; _module_preset=&#8221;default&#8221; theme_builder_area=&#8221;post_content&#8221; hover_enabled=&#8221;0&#8243; sticky_enabled=&#8221;0&#8243;]Mint l\u00e1thatjuk, sokf\u00e9le p\u00e1st\u00e9tom l\u00e9tezik: sert\u00e9sh\u00fas, fekete puding, vaddiszn\u00f3, polip&#8230;.<\/p>\n<p>Ma a La Tienda de Samit\u00f3l elhozzuk, hogyan k\u00e9sz\u00edtsenek s\u00fclt paprikap\u00e1st\u00e9tomot tonhallal.<\/p>\n<p>S\u00fclt paprikap\u00e1st\u00e9tom tonhallal<br \/>\nAz egyik szt\u00e1r el\u0151\u00e9tel, amivel meglepheti a csal\u00e1dj\u00e1t, egyszer\u0171 \u00e9s \u00edzletes, ahogy mi szeretj\u00fck.<\/p>\n<p>Hozz\u00e1val\u00f3k<br \/>\n200 g f\u00e1n s\u00fclt paprika<br \/>\n60 g tonhal extra sz\u0171z ol\u00edvaolajban<br \/>\n15 g osztrigasz\u00f3sz<br \/>\n4 g uborka<br \/>\n15 g must\u00e1r<br \/>\n1 gerezd fokhagyma<br \/>\n20 g extra sz\u0171z ol\u00edvaolaj<br \/>\nS\u00f3 \u00e9s bors<br \/>\nElk\u00e9sz\u00edt\u00e9s<br \/>\nVegye ki a paprik\u00e1t a konzervb\u0151l, \u00e9s j\u00f3l csepegtesse le, hogy ne maradjon benne v\u00edz. Ugyan\u00edgy j\u00e1rjon el a tonhallal is, mivel ha marad benne v\u00edz, akkor vesz\u00edthet a s\u0171r\u0171s\u00e9g\u00e9b\u0151l.<br \/>\nTegye az \u00f6sszes hozz\u00e1val\u00f3t (az olaj kiv\u00e9tel\u00e9vel) egy turmixg\u00e9pbe, \u00e9s addig turmixolja, am\u00edg egy egys\u00e9ges, homog\u00e9n kever\u00e9ket nem kap.<br \/>\nAdja hozz\u00e1 a s\u00f3t \u00e9s az olajat, \u00e9s turmixolja \u00fajra.<br \/>\nK\u00f3stolja meg a p\u00e1st\u00e9tomot, \u00e9s ha nem s\u0171r\u0171, adjon hozz\u00e1 zsemlemorzs\u00e1t.<br \/>\n\u00c9lvezze a finom el\u0151\u00e9telt![\/et_pb_text][\/et_pb_column][\/et_pb_row][\/et_pb_section]<\/p>\n","protected":false},"excerpt":{"rendered":"<p>Mint l\u00e1thatjuk, sokf\u00e9le p\u00e1st\u00e9tom l\u00e9tezik: sert\u00e9sh\u00fas, fekete puding, vaddiszn\u00f3, polip&#8230;. Ma a La Tienda de Samit\u00f3l elhozzuk, hogyan k\u00e9sz\u00edtsenek s\u00fclt paprikap\u00e1st\u00e9tomot tonhallal. S\u00fclt paprikap\u00e1st\u00e9tom tonhallal Az egyik szt\u00e1r el\u0151\u00e9tel, amivel meglepheti a csal\u00e1dj\u00e1t, egyszer\u0171 \u00e9s \u00edzletes, ahogy mi szeretj\u00fck. Hozz\u00e1val\u00f3k 200 g f\u00e1n s\u00fclt paprika 60 g tonhal extra sz\u0171z ol\u00edvaolajban 15 g osztrigasz\u00f3sz 4 [&hellip;]<\/p>\n","protected":false},"author":1,"featured_media":0,"comment_status":"closed","ping_status":"closed","sticky":false,"template":"","format":"standard","meta":{"_et_pb_use_builder":"on","_et_pb_old_content":"","_et_gb_content_width":"","footnotes":""},"categories":[1532],"tags":[],"class_list":["post-16859","post","type-post","status-publish","format-standard","hentry","category-nem-kategorizalt"],"_links":{"self":[{"href":"https:\/\/myspainfood.com\/hu\/wp-json\/wp\/v2\/posts\/16859","targetHints":{"allow":["GET"]}}],"collection":[{"href":"https:\/\/myspainfood.com\/hu\/wp-json\/wp\/v2\/posts"}],"about":[{"href":"https:\/\/myspainfood.com\/hu\/wp-json\/wp\/v2\/types\/post"}],"author":[{"embeddable":true,"href":"https:\/\/myspainfood.com\/hu\/wp-json\/wp\/v2\/users\/1"}],"replies":[{"embeddable":true,"href":"https:\/\/myspainfood.com\/hu\/wp-json\/wp\/v2\/comments?post=16859"}],"version-history":[{"count":8,"href":"https:\/\/myspainfood.com\/hu\/wp-json\/wp\/v2\/posts\/16859\/revisions"}],"predecessor-version":[{"id":16914,"href":"https:\/\/myspainfood.com\/hu\/wp-json\/wp\/v2\/posts\/16859\/revisions\/16914"}],"wp:attachment":[{"href":"https:\/\/myspainfood.com\/hu\/wp-json\/wp\/v2\/media?parent=16859"}],"wp:term":[{"taxonomy":"category","embeddable":true,"href":"https:\/\/myspainfood.com\/hu\/wp-json\/wp\/v2\/categories?post=16859"},{"taxonomy":"post_tag","embeddable":true,"href":"https:\/\/myspainfood.com\/hu\/wp-json\/wp\/v2\/tags?post=16859"}],"curies":[{"name":"wp","href":"https:\/\/api.w.org\/{rel}","templated":true}]}}