{"id":16991,"date":"2022-12-21T12:42:57","date_gmt":"2022-12-21T11:42:57","guid":{"rendered":"https:\/\/myspainfood.com\/csirkeporkolt-hagymaval-paradicsommal-es-pirospaprikaval\/"},"modified":"2025-05-08T15:32:56","modified_gmt":"2025-05-08T13:32:56","slug":"csirkeporkolt-hagymaval-paradicsommal-es-pirospaprikaval","status":"publish","type":"post","link":"https:\/\/myspainfood.com\/hu\/csirkeporkolt-hagymaval-paradicsommal-es-pirospaprikaval\/","title":{"rendered":"Csirkep\u00f6rk\u00f6lt hagym\u00e1val, paradicsommal \u00e9s pirospaprik\u00e1val"},"content":{"rendered":"<p>[et_pb_section fb_built=&#8221;1&#8243; theme_builder_area=&#8221;post_content&#8221; _builder_version=&#8221;4.19.4&#8243; _module_preset=&#8221;default&#8221;][et_pb_row _builder_version=&#8221;4.19.4&#8243; _module_preset=&#8221;default&#8221; theme_builder_area=&#8221;post_content&#8221;][et_pb_column _builder_version=&#8221;4.19.4&#8243; _module_preset=&#8221;default&#8221; type=&#8221;4_4&#8243; theme_builder_area=&#8221;post_content&#8221;][et_pb_text _builder_version=&#8221;4.19.4&#8243; _module_preset=&#8221;default&#8221; theme_builder_area=&#8221;post_content&#8221; hover_enabled=&#8221;0&#8243; sticky_enabled=&#8221;0&#8243;]<\/p>\n<p>Szeret\u00fcnk ilyen p\u00f6rk\u00f6lteket f\u0151zni, mert ezek a &#8222;toda la vida&#8221; jellegzetes \u00e9telei.<br \/>Sz\u00e1mos fajta l\u00e9tezik.<\/p>\n<p>A La Tienda de Samiban megmutatjuk, hogyan kell elk\u00e9sz\u00edteni ezt az \u00edzletes \u00e9telt.<\/p>\n<p>Csirkep\u00f6rk\u00f6lt hagym\u00e1val, paradicsommal \u00e9s pirospaprik\u00e1val<br \/>A p\u00f6rk\u00f6lt mell\u00e9 finom zacsk\u00f3s burgony\u00e1t is adhatsz, de ezt r\u00e1d b\u00edzzuk.<\/p>\n<p>&nbsp;<\/p>\n<p>Hozz\u00e1val\u00f3k<br \/>2 db egyenk\u00e9nt 1 \u00bc kg-os csirke (k\u00f6zepes darabokra v\u00e1gva)<br \/>100 gr. cs\u00edkos szalonna<br \/>4 ev\u0151kan\u00e1l olaj<br \/>6 kis paradicsom<br \/>8 francia hagyma<br \/>1 gomb\u00f3c vaj<br \/>1 kis \u00fcveg (100 g) piquillo paprika (fat\u00fczel\u00e9s\u0171)<br \/>F\u00e9l poh\u00e1r (v\u00edz) feh\u00e9rbor 1 poh\u00e1r (v\u00edz) v\u00edz 1 poh\u00e1r (v\u00edz) feh\u00e9rbor  egy poh\u00e1r (v\u00edz) feh\u00e9rbor<br \/>F\u00e9l poh\u00e1r (v\u00edz) v\u00edz<br \/>1 csipetnyi f\u0171szern\u00f6v\u00e9ny<br \/>1 ev\u0151kan\u00e1l apr\u00f3ra v\u00e1gott petrezselyem<br \/>S\u00f3<br \/>Elk\u00e9sz\u00edt\u00e9s<br \/>Miut\u00e1n flamb\u00edroztuk \u00e9s elk\u00e9sz\u00edtett\u00fck, v\u00e1gjuk fel a csirk\u00e9t.<br \/>Hev\u00edts\u00fck fel az olajat egy serpeny\u0151ben. Ha k\u00e9sz, j\u00f3l megpir\u00edtjuk a csirkedarabokat.<br \/>Adjuk hozz\u00e1 a kock\u00e1ra v\u00e1gott szalonn\u00e1t. Adjuk hozz\u00e1 a megh\u00e1mozott, de eg\u00e9sz paradicsomot.  <br \/>S\u00f3val \u00e9s f\u0171szern\u00f6v\u00e9nyekkel f\u0171szerezz\u00fck.<br \/>Fakan\u00e1llal j\u00f3l keverj\u00fck \u00f6ssze, majd adjuk hozz\u00e1 a bort \u00e9s a vizet.<br \/>Fedj\u00fck le a l\u00e1bast, \u00e9s k\u00f6zepes l\u00e1ngon f\u0151zz\u00fck a csirk\u00e9t kb. 45 percig, ha megpuhult, ha nem, egy kicsit tov\u00e1bb, de \u00fcgyelve arra, hogy a darabok ne essenek sz\u00e9t.<br \/>K\u00fcl\u00f6n-k\u00fcl\u00f6n, egy kis serpeny\u0151ben f\u0151zz\u00fck meg a megtiszt\u00edtott hagym\u00e1t a vajjal, egy kev\u00e9s v\u00edzzel, hogy ellepje, \u00e9s s\u00f3val.<br \/>Amikor a csirke megpuhult, hozz\u00e1adjuk a hagym\u00e1t, a finomra v\u00e1gott paprik\u00e1t \u00e9s az apr\u00f3ra v\u00e1gott petrezselymet.<br \/>Fakan\u00e1llal keverj\u00fck \u00f6ssze, \u00e9s azonnal t\u00e1laljuk egy t\u00e1lal\u00f3ed\u00e9nyben.<br \/>M\u00e1r a puszta gondolat\u00e1t\u00f3l is \u00f6sszefut a sz\u00e1nk.<\/p>\n<p>[\/et_pb_text][\/et_pb_column][\/et_pb_row][\/et_pb_section]<\/p>\n","protected":false},"excerpt":{"rendered":"<p>Szeret\u00fcnk ilyen p\u00f6rk\u00f6lteket f\u0151zni, mert ezek a &#8222;toda la vida&#8221; jellegzetes \u00e9telei.Sz\u00e1mos fajta l\u00e9tezik. A La Tienda de Samiban megmutatjuk, hogyan kell elk\u00e9sz\u00edteni ezt az \u00edzletes \u00e9telt. Csirkep\u00f6rk\u00f6lt hagym\u00e1val, paradicsommal \u00e9s pirospaprik\u00e1valA p\u00f6rk\u00f6lt mell\u00e9 finom zacsk\u00f3s burgony\u00e1t is adhatsz, de ezt r\u00e1d b\u00edzzuk. &nbsp; Hozz\u00e1val\u00f3k2 db egyenk\u00e9nt 1 \u00bc kg-os csirke (k\u00f6zepes darabokra v\u00e1gva)100 gr. [&hellip;]<\/p>\n","protected":false},"author":1,"featured_media":0,"comment_status":"closed","ping_status":"closed","sticky":false,"template":"","format":"standard","meta":{"_et_pb_use_builder":"on","_et_pb_old_content":"","_et_gb_content_width":"","footnotes":""},"categories":[1532],"tags":[],"class_list":["post-16991","post","type-post","status-publish","format-standard","hentry","category-nem-kategorizalt"],"_links":{"self":[{"href":"https:\/\/myspainfood.com\/hu\/wp-json\/wp\/v2\/posts\/16991","targetHints":{"allow":["GET"]}}],"collection":[{"href":"https:\/\/myspainfood.com\/hu\/wp-json\/wp\/v2\/posts"}],"about":[{"href":"https:\/\/myspainfood.com\/hu\/wp-json\/wp\/v2\/types\/post"}],"author":[{"embeddable":true,"href":"https:\/\/myspainfood.com\/hu\/wp-json\/wp\/v2\/users\/1"}],"replies":[{"embeddable":true,"href":"https:\/\/myspainfood.com\/hu\/wp-json\/wp\/v2\/comments?post=16991"}],"version-history":[{"count":4,"href":"https:\/\/myspainfood.com\/hu\/wp-json\/wp\/v2\/posts\/16991\/revisions"}],"predecessor-version":[{"id":17005,"href":"https:\/\/myspainfood.com\/hu\/wp-json\/wp\/v2\/posts\/16991\/revisions\/17005"}],"wp:attachment":[{"href":"https:\/\/myspainfood.com\/hu\/wp-json\/wp\/v2\/media?parent=16991"}],"wp:term":[{"taxonomy":"category","embeddable":true,"href":"https:\/\/myspainfood.com\/hu\/wp-json\/wp\/v2\/categories?post=16991"},{"taxonomy":"post_tag","embeddable":true,"href":"https:\/\/myspainfood.com\/hu\/wp-json\/wp\/v2\/tags?post=16991"}],"curies":[{"name":"wp","href":"https:\/\/api.w.org\/{rel}","templated":true}]}}