{"id":35386,"date":"2022-12-21T10:41:59","date_gmt":"2022-12-21T09:41:59","guid":{"rendered":"https:\/\/myspainfood.com\/keptu-papriku-pastetas-su-tunu\/"},"modified":"2025-05-08T15:36:46","modified_gmt":"2025-05-08T13:36:46","slug":"keptu-papriku-pastetas-su-tunu","status":"publish","type":"post","link":"https:\/\/myspainfood.com\/lt\/keptu-papriku-pastetas-su-tunu\/","title":{"rendered":"Kept\u0173 paprik\u0173 pa\u0161tetas su tunu"},"content":{"rendered":"<p>[et_pb_section fb_built=&#8221;1&#8243; theme_builder_area=&#8221;post_content&#8221; _builder_version=&#8221;4.19.4&#8243; _module_preset=&#8221;default&#8221;][et_pb_row _builder_version=&#8221;4.19.4&#8243; _module_preset=&#8221;default&#8221; theme_builder_area=&#8221;post_content&#8221;][et_pb_column _builder_version=&#8221;4.19.4&#8243; _module_preset=&#8221;default&#8221; type=&#8221;4_4&#8243; theme_builder_area=&#8221;post_content&#8221;][et_pb_text _builder_version=&#8221;4.19.4&#8243; _module_preset=&#8221;default&#8221; theme_builder_area=&#8221;post_content&#8221; hover_enabled=&#8221;0&#8243; sticky_enabled=&#8221;0&#8243;]Kaip matome, yra daugyb\u0117 pa\u0161teto r\u016b\u0161i\u0173: kiaulienos, juodojo pudingo, \u0161ernienos, a\u0161tuonkojo&#8230;.<\/p>\n<p>\u0160iandien i\u0161 &#8222;La Tienda de Sami&#8221; pateikiame jums, kaip paruo\u0161ti kept\u0173 pipir\u0173 pa\u0161tet\u0105 su tunu.<\/p>\n<p>Kept\u0173 paprik\u0173 pa\u0161tetas su tunu<br \/>\nVienas i\u0161 pagrindini\u0173 u\u017ekand\u017ei\u0173, kuriuo nustebinsite savo \u0161eim\u0105, paprastas ir skanus, toks, kok\u012f mes m\u0117gstame.<\/p>\n<p>Ingredientai<br \/>\n200 g malkomis skrudint\u0173 paprik\u0173<br \/>\n60 g tuno pirmojo spaudimo alyvuogi\u0173 aliejuje<br \/>\n15 g austri\u0173 pada\u017eo<br \/>\n4 g agurk\u0173<br \/>\n15 g garsty\u010di\u0173<br \/>\n1 skiltel\u0117 \u010desnako<br \/>\n20 g pirmojo spaudimo alyvuogi\u0173 aliejaus<br \/>\nDruska ir pipirai<br \/>\nGaminimas<br \/>\nI\u0161imkite paprikas i\u0161 skardos ir gerai nusausinkite, kad nelikt\u0173 vandens. T\u0105 pat\u012f padarykite ir su tunu, nes jei liks vandens, jis gali prarasti tir\u0161tum\u0105.<br \/>\nVisus ingredientus (i\u0161skyrus aliej\u0173) sud\u0117kite \u012f trintuv\u0105 ir mai\u0161ykite, kol gausite vientis\u0105, vienalyt\u0119 mas\u0119.<br \/>\n\u012eberkite druskos ir aliejaus ir dar kart\u0105 sumai\u0161ykite.<br \/>\nParagaukite pa\u0161teto ir, jei jis n\u0117ra tir\u0161tas, \u012fberkite d\u017ei\u016bv\u0117s\u0117li\u0173.<br \/>\nM\u0117gaukit\u0117s gard\u017eiu u\u017ekand\u017eiu![\/et_pb_text][\/et_pb_column][\/et_pb_row][\/et_pb_section]<\/p>\n","protected":false},"excerpt":{"rendered":"<p>Kaip matome, yra daugyb\u0117 pa\u0161teto r\u016b\u0161i\u0173: kiaulienos, juodojo pudingo, \u0161ernienos, a\u0161tuonkojo&#8230;. \u0160iandien i\u0161 &#8222;La Tienda de Sami&#8221; pateikiame jums, kaip paruo\u0161ti kept\u0173 pipir\u0173 pa\u0161tet\u0105 su tunu. Kept\u0173 paprik\u0173 pa\u0161tetas su tunu Vienas i\u0161 pagrindini\u0173 u\u017ekand\u017ei\u0173, kuriuo nustebinsite savo \u0161eim\u0105, paprastas ir skanus, toks, kok\u012f mes m\u0117gstame. Ingredientai 200 g malkomis skrudint\u0173 paprik\u0173 60 g tuno [&hellip;]<\/p>\n","protected":false},"author":1,"featured_media":0,"comment_status":"open","ping_status":"closed","sticky":false,"template":"","format":"standard","meta":{"_et_pb_use_builder":"on","_et_pb_old_content":"","_et_gb_content_width":"","footnotes":""},"categories":[7989],"tags":[],"class_list":["post-35386","post","type-post","status-publish","format-standard","hentry","category-nekategorizuotas"],"_links":{"self":[{"href":"https:\/\/myspainfood.com\/lt\/wp-json\/wp\/v2\/posts\/35386","targetHints":{"allow":["GET"]}}],"collection":[{"href":"https:\/\/myspainfood.com\/lt\/wp-json\/wp\/v2\/posts"}],"about":[{"href":"https:\/\/myspainfood.com\/lt\/wp-json\/wp\/v2\/types\/post"}],"author":[{"embeddable":true,"href":"https:\/\/myspainfood.com\/lt\/wp-json\/wp\/v2\/users\/1"}],"replies":[{"embeddable":true,"href":"https:\/\/myspainfood.com\/lt\/wp-json\/wp\/v2\/comments?post=35386"}],"version-history":[{"count":1,"href":"https:\/\/myspainfood.com\/lt\/wp-json\/wp\/v2\/posts\/35386\/revisions"}],"predecessor-version":[{"id":35396,"href":"https:\/\/myspainfood.com\/lt\/wp-json\/wp\/v2\/posts\/35386\/revisions\/35396"}],"wp:attachment":[{"href":"https:\/\/myspainfood.com\/lt\/wp-json\/wp\/v2\/media?parent=35386"}],"wp:term":[{"taxonomy":"category","embeddable":true,"href":"https:\/\/myspainfood.com\/lt\/wp-json\/wp\/v2\/categories?post=35386"},{"taxonomy":"post_tag","embeddable":true,"href":"https:\/\/myspainfood.com\/lt\/wp-json\/wp\/v2\/tags?post=35386"}],"curies":[{"name":"wp","href":"https:\/\/api.w.org\/{rel}","templated":true}]}}