{"id":35568,"date":"2022-12-19T09:52:12","date_gmt":"2022-12-19T08:52:12","guid":{"rendered":"https:\/\/myspainfood.com\/salati-ar-neapstradatu-augstaka-labuma-olivellu\/"},"modified":"2025-05-08T15:38:08","modified_gmt":"2025-05-08T13:38:08","slug":"salati-ar-neapstradatu-augstaka-labuma-olivellu","status":"publish","type":"post","link":"https:\/\/myspainfood.com\/lv\/salati-ar-neapstradatu-augstaka-labuma-olivellu\/","title":{"rendered":"Sal\u0101ti ar neapstr\u0101d\u0101tu augst\u0101k\u0101 labuma ol\u012bve\u013c\u013cu"},"content":{"rendered":"<p>[et_pb_section fb_built=&#8221;1&#8243; theme_builder_area=&#8221;post_content&#8221; _builder_version=&#8221;4.19.4&#8243; _module_preset=&#8221;default&#8221;][et_pb_row _builder_version=&#8221;4.19.4&#8243; _module_preset=&#8221;default&#8221; theme_builder_area=&#8221;post_content&#8221;][et_pb_column _builder_version=&#8221;4.19.4&#8243; _module_preset=&#8221;default&#8221; type=&#8221;4_4&#8243; theme_builder_area=&#8221;post_content&#8221;][et_pb_text _builder_version=&#8221;4.19.4&#8243; _module_preset=&#8221;default&#8221; theme_builder_area=&#8221;post_content&#8221; hover_enabled=&#8221;0&#8243; sticky_enabled=&#8221;0&#8243;]<\/p>\n<p>Viens no tradicion\u0101l\u0101kajiem un lepn\u0101kajiem m\u016bsu gastronomijas elementiem ir ol\u012bve\u013c\u013ca, kuras priek\u0161roc\u012bbas un <a href=\"https:\/\/en.wikipedia.org\/wiki\/Olive_oil\" target=\"_blank\" rel=\"noopener noreferrer nofollow\">uzturv\u0113rt\u012bbas<\/a> ir labi zin\u0101mas.<\/p>\n<p>No MySpainFood pied\u0101v\u0101jam jums virkni ideju, k\u0101 pagatavot vienk\u0101r\u0161us un vieglus sal\u0101tus, lai baud\u012btu \u0161o br\u012bni\u0161\u0137\u012bgo produktu.<\/p>\n<p>Zemnieku sal\u0101ti<br \/>\u0160os sal\u0101tus parasti vair\u0101k \u0113d vasar\u0101, ta\u010du tie ir piem\u0113roti jebkuram gadalaikam.<\/p>\n<p>&nbsp;<\/p>\n<p>Sast\u0101vda\u013cas<br \/>400 grami kartupe\u013cu.<br \/>1 sarkan\u0101 paprika<br \/>1 za\u013c\u0101 paprika<br \/>2 olas<br \/>1 s\u012bpols<br \/>1 dab\u012bgs tom\u0101ts<br \/>220 grami tun\u010da.<br \/>10 ol\u012bvas.<br \/>P\u0113ters\u012b\u013ci<br \/>Melnie pipari<br \/>S\u0101ls<br \/>50 grami e\u013c\u013cas.<\/p>\n<p>&nbsp;<\/p>\n<p>Pagatavo\u0161ana<br \/>Vispirms ir nepiecie\u0161ams izv\u0101r\u012bt kartupe\u013cus un olas.<\/p>\n<p>Tad sagrieziet kartupe\u013cus 5 cm gabali\u0146os.<\/p>\n<p>S\u012bpolu, tom\u0101tu un papriku sagrie\u017e 3 cm gabali\u0146os.<\/p>\n<p>Sajauciet visas sast\u0101vda\u013cas b\u013cod\u0101 un vienm\u0113r\u012bgi apberiet.<\/p>\n<p>Gatavs \u0113\u0161anai!<\/p>\n<p>&nbsp;<\/p>\n<p>&nbsp;<\/p>\n<p>Piparu sal\u0101ti ar tunci<br \/>\u0160ie sal\u0101ti ir lieliska uzkoda \u012bpa\u0161\u0101m \u0123imenes malt\u012bt\u0113m.<\/p>\n<p>&nbsp;<\/p>\n<p>Sast\u0101vda\u013cas<br \/>400 g paprikas.<br \/>200 g tun\u010da.<br \/>50 g e\u013c\u013cas.<\/p>\n<p>&nbsp;<\/p>\n<p>Pagatavo\u0161ana<br \/>Visvienk\u0101r\u0161\u0101k\u0101 recepte no vis\u0101m, ta\u010du neb\u016bt ne maz\u0101k apet\u012btl\u012bga.<\/p>\n<p>Atver burku ar papriku un burku ar tunci. Vienm\u0113r vienm\u0113r\u012bgi samaisiet un visbeidzot varam pievienot nedaudz e\u013c\u013cas, lai pie\u0161\u0137irtu tai tik \u013coti iecien\u012bto intens\u012bvo gar\u0161u. <\/p>\n<p>Izbaudiet to.<\/p>\n<p>&nbsp;<\/p>\n<p>&nbsp;<\/p>\n<p>Kapr\u0113zes sal\u0101ti<br \/>It\u0101\u013cu izcelsmes sal\u0101ti, kas ir ieradu\u0161ies m\u016bsu valst\u012b uz palik\u0161anu.<\/p>\n<p>&nbsp;<\/p>\n<p>Sast\u0101vda\u013cas<br \/>Mozzarella 1 bumbi\u0146a<br \/>Ga\u013cas tom\u0101ts<br \/>E\u013c\u013ca<br \/>Modenas eti\u0137is<br \/>S\u0101ls un pipari p\u0113c gar\u0161as.<\/p>\n<p>&nbsp;<\/p>\n<p>Pagatavo\u0161ana<br \/>Sagrieziet mocarellu un tom\u0101tu \u0161\u0137\u0113l\u012bt\u0113s.<\/p>\n<p>Ielieciet tos \u0161\u0137\u012bv\u012b, pievienojiet bazilika lapas, e\u013c\u013cu un da\u017eus pilienus eti\u0137a.<\/p>\n<p>Izbaudiet to.<\/p>\n<p>[\/et_pb_text][\/et_pb_column][\/et_pb_row][\/et_pb_section]<\/p>\n","protected":false},"excerpt":{"rendered":"<p>Viens no tradicion\u0101l\u0101kajiem un lepn\u0101kajiem m\u016bsu gastronomijas elementiem ir ol\u012bve\u013c\u013ca, kuras priek\u0161roc\u012bbas un uzturv\u0113rt\u012bbas ir labi zin\u0101mas. No MySpainFood pied\u0101v\u0101jam jums virkni ideju, k\u0101 pagatavot vienk\u0101r\u0161us un vieglus sal\u0101tus, lai baud\u012btu \u0161o br\u012bni\u0161\u0137\u012bgo produktu. Zemnieku sal\u0101ti\u0160os sal\u0101tus parasti vair\u0101k \u0113d vasar\u0101, ta\u010du tie ir piem\u0113roti jebkuram gadalaikam. &nbsp; Sast\u0101vda\u013cas400 grami kartupe\u013cu.1 sarkan\u0101 paprika1 za\u013c\u0101 paprika2 [&hellip;]<\/p>\n","protected":false},"author":1,"featured_media":0,"comment_status":"open","ping_status":"closed","sticky":false,"template":"","format":"standard","meta":{"_et_pb_use_builder":"on","_et_pb_old_content":"","_et_gb_content_width":"","footnotes":""},"categories":[7990],"tags":[],"class_list":["post-35568","post","type-post","status-publish","format-standard","hentry","category-nekategorizets"],"_links":{"self":[{"href":"https:\/\/myspainfood.com\/lv\/wp-json\/wp\/v2\/posts\/35568","targetHints":{"allow":["GET"]}}],"collection":[{"href":"https:\/\/myspainfood.com\/lv\/wp-json\/wp\/v2\/posts"}],"about":[{"href":"https:\/\/myspainfood.com\/lv\/wp-json\/wp\/v2\/types\/post"}],"author":[{"embeddable":true,"href":"https:\/\/myspainfood.com\/lv\/wp-json\/wp\/v2\/users\/1"}],"replies":[{"embeddable":true,"href":"https:\/\/myspainfood.com\/lv\/wp-json\/wp\/v2\/comments?post=35568"}],"version-history":[{"count":4,"href":"https:\/\/myspainfood.com\/lv\/wp-json\/wp\/v2\/posts\/35568\/revisions"}],"predecessor-version":[{"id":35600,"href":"https:\/\/myspainfood.com\/lv\/wp-json\/wp\/v2\/posts\/35568\/revisions\/35600"}],"wp:attachment":[{"href":"https:\/\/myspainfood.com\/lv\/wp-json\/wp\/v2\/media?parent=35568"}],"wp:term":[{"taxonomy":"category","embeddable":true,"href":"https:\/\/myspainfood.com\/lv\/wp-json\/wp\/v2\/categories?post=35568"},{"taxonomy":"post_tag","embeddable":true,"href":"https:\/\/myspainfood.com\/lv\/wp-json\/wp\/v2\/tags?post=35568"}],"curies":[{"name":"wp","href":"https:\/\/api.w.org\/{rel}","templated":true}]}}