{"id":35829,"date":"2022-12-21T13:45:15","date_gmt":"2022-12-21T12:45:15","guid":{"rendered":"https:\/\/myspainfood.com\/ceptas-sardines-ar-baltvinu-un-rivmaizi\/"},"modified":"2025-05-08T15:40:00","modified_gmt":"2025-05-08T13:40:00","slug":"ceptas-sardines-ar-baltvinu-un-rivmaizi","status":"publish","type":"post","link":"https:\/\/myspainfood.com\/lv\/ceptas-sardines-ar-baltvinu-un-rivmaizi\/","title":{"rendered":"Ceptas sard\u012bnes ar baltv\u012bnu un r\u012bvmaizi"},"content":{"rendered":"<p>[et_pb_section fb_built=&#8221;1&#8243; theme_builder_area=&#8221;post_content&#8221; _builder_version=&#8221;4.19.4&#8243; _module_preset=&#8221;default&#8221;][et_pb_row _builder_version=&#8221;4.19.4&#8243; _module_preset=&#8221;default&#8221; theme_builder_area=&#8221;post_content&#8221;][et_pb_column _builder_version=&#8221;4.19.4&#8243; _module_preset=&#8221;default&#8221; type=&#8221;4_4&#8243; theme_builder_area=&#8221;post_content&#8221;][et_pb_text _builder_version=&#8221;4.19.4&#8243; _module_preset=&#8221;default&#8221; theme_builder_area=&#8221;post_content&#8221; hover_enabled=&#8221;0&#8243; sticky_enabled=&#8221;0&#8243;]Mums ne vienm\u0113r ir iesp\u0113ja \u0113st labu &#8220;espeto malague\u00f1o&#8221; ar \u0161\u012bm sard\u012bn\u0113m, kas k\u016bst uz auksl\u0113j\u0101m.<\/p>\n<p>La Tienda de Sami m\u0113s jums par\u0101d\u012bsim, k\u0101 pagatavot ceptas sard\u012bnes tikai da\u017eos so\u013cos.<\/p>\n<p>Ceptas sard\u012bnes ar baltv\u012bnu un r\u012bvmaizi<br \/>\n\u0160im saut\u0113jumam var pievienot ar\u012b gardus kartupe\u013cus, bet m\u0113s to atst\u0101jam j\u016bsu zi\u0146\u0101.<\/p>\n<p>Sast\u0101vda\u013cas<br \/>\n1 \u00bd kg lielu sard\u012b\u0146u<br \/>\n5 \u0113damkarotes e\u013c\u013cas<br \/>\n1 gl\u0101ze (ne pilna) verdejo v\u012bna Cucamonas<br \/>\n3 \u0113damkarotes r\u012bvmaizes.<br \/>\n1 \u0113damkarote sasmalcin\u0101tu p\u0113ters\u012b\u013cu<br \/>\n\u00bd citrona sula<br \/>\n40 gr. sviesta<br \/>\nS\u0101ls<br \/>\nPagatavo\u0161ana<br \/>\nSard\u012bn\u0113m no\u0146em galvas un kaulus. \u013boti labi nomazg\u0101 un nosusina.<br \/>\nSard\u012b\u0146u iek\u0161pusi (no kuras iz\u0146emti kauli) viegli s\u0101lijiet.<br \/>\nIelejiet e\u013c\u013cu porcel\u0101na vai cepe\u0161kr\u0101sns iztur\u012bg\u0101 stikla cepamaj\u0101 trauk\u0101.<br \/>\nIzk\u0101rtojiet neapstr\u0101d\u0101tas sard\u012bnes t\u0101, lai t\u0101s neb\u016btu sakrautas viena uz otras.<br \/>\nP\u0101rkaisa ar baltv\u012bnu un citrona sulu.<br \/>\nApkaisiet ar sasmalcin\u0101tiem p\u0113ters\u012b\u013ciem un p\u0113c tam ar r\u012bvmaizi.<br \/>\nP\u0101rkl\u0101jiet ar kubi\u0146os sagrieztu sviestu un cepiet vid\u0113j\u0101 karstum\u0101 apm\u0113ram 15 min\u016btes, laiku pa laikam aplejot ar sulu.<br \/>\nPasniedziet uz t\u0101 pa\u0161a \u0161\u0137\u012bvja.<br \/>\nTikai padom\u0101jot par to, mut\u0113 rodas asaras.[\/et_pb_text][\/et_pb_column][\/et_pb_row][\/et_pb_section]<\/p>\n","protected":false},"excerpt":{"rendered":"<p>Mums ne vienm\u0113r ir iesp\u0113ja \u0113st labu &#8220;espeto malague\u00f1o&#8221; ar \u0161\u012bm sard\u012bn\u0113m, kas k\u016bst uz auksl\u0113j\u0101m. La Tienda de Sami m\u0113s jums par\u0101d\u012bsim, k\u0101 pagatavot ceptas sard\u012bnes tikai da\u017eos so\u013cos. Ceptas sard\u012bnes ar baltv\u012bnu un r\u012bvmaizi \u0160im saut\u0113jumam var pievienot ar\u012b gardus kartupe\u013cus, bet m\u0113s to atst\u0101jam j\u016bsu zi\u0146\u0101. Sast\u0101vda\u013cas 1 \u00bd kg lielu sard\u012b\u0146u [&hellip;]<\/p>\n","protected":false},"author":1,"featured_media":0,"comment_status":"open","ping_status":"closed","sticky":false,"template":"","format":"standard","meta":{"_et_pb_use_builder":"on","_et_pb_old_content":"","_et_gb_content_width":"","footnotes":""},"categories":[7990],"tags":[],"class_list":["post-35829","post","type-post","status-publish","format-standard","hentry","category-nekategorizets"],"_links":{"self":[{"href":"https:\/\/myspainfood.com\/lv\/wp-json\/wp\/v2\/posts\/35829","targetHints":{"allow":["GET"]}}],"collection":[{"href":"https:\/\/myspainfood.com\/lv\/wp-json\/wp\/v2\/posts"}],"about":[{"href":"https:\/\/myspainfood.com\/lv\/wp-json\/wp\/v2\/types\/post"}],"author":[{"embeddable":true,"href":"https:\/\/myspainfood.com\/lv\/wp-json\/wp\/v2\/users\/1"}],"replies":[{"embeddable":true,"href":"https:\/\/myspainfood.com\/lv\/wp-json\/wp\/v2\/comments?post=35829"}],"version-history":[{"count":6,"href":"https:\/\/myspainfood.com\/lv\/wp-json\/wp\/v2\/posts\/35829\/revisions"}],"predecessor-version":[{"id":35870,"href":"https:\/\/myspainfood.com\/lv\/wp-json\/wp\/v2\/posts\/35829\/revisions\/35870"}],"wp:attachment":[{"href":"https:\/\/myspainfood.com\/lv\/wp-json\/wp\/v2\/media?parent=35829"}],"wp:term":[{"taxonomy":"category","embeddable":true,"href":"https:\/\/myspainfood.com\/lv\/wp-json\/wp\/v2\/categories?post=35829"},{"taxonomy":"post_tag","embeddable":true,"href":"https:\/\/myspainfood.com\/lv\/wp-json\/wp\/v2\/tags?post=35829"}],"curies":[{"name":"wp","href":"https:\/\/api.w.org\/{rel}","templated":true}]}}