{"id":16767,"date":"2022-12-20T14:02:12","date_gmt":"2022-12-20T13:02:12","guid":{"rendered":"https:\/\/myspainfood.com\/nudelsuppe-med-makrell\/"},"modified":"2025-05-08T15:32:58","modified_gmt":"2025-05-08T13:32:58","slug":"nudelsuppe-med-makrell","status":"publish","type":"post","link":"https:\/\/myspainfood.com\/no\/nudelsuppe-med-makrell\/","title":{"rendered":"Nudelsuppe med makrell"},"content":{"rendered":"<p>[et_pb_section fb_built=&raquo;1&#8243; theme_builder_area=&raquo;post_content&raquo; _builder_version=&raquo;4.19.4&#8243; _module_preset=&raquo;default&raquo;][et_pb_row _builder_version=&raquo;4.19.4&#8243; _module_preset=&raquo;default&raquo; theme_builder_area=&raquo;post_content&raquo;][et_pb_column _builder_version=&raquo;4.19.4&#8243; _module_preset=&raquo;default&raquo; type=&raquo;4_4&#8243; theme_builder_area=&raquo;post_content&raquo;][et_pb_text _builder_version=&raquo;4.19.4&#8243; _module_preset=&raquo;default&raquo; theme_builder_area=&raquo;post_content&raquo; hover_enabled=&raquo;0&#8243; sticky_enabled=&raquo;0&#8243;]En god makrellnudelsuppe er alltid en fryd n\u00e5r kulda kommer. Men vi m\u00e5 ikke glemme at hvis vi lider av hyperurikemi eller gikt, b\u00f8r vi ikke spise makrell. <\/p>\n<p>Nudelsuppe med makrell<br \/>\nDet finnes ikke noe bedre enn en god nudelsuppe \u00e5 varme seg p\u00e5, og hvis den er laget med fisk som makrell, er det bare enda bedre.<\/p>\n<p>Ingredienser<br \/>\n2 fedd hvitl\u00f8k<br \/>\n100 g l\u00f8k<br \/>\n50 g r\u00f8d paprika<br \/>\n50 g gr\u00f8nn paprika<br \/>\n500 g knust tomat<br \/>\nOlivenolje<br \/>\nFiskebestander<br \/>\nNudler<br \/>\n500 g makrell<br \/>\nSalt og pepper<br \/>\nTilberedning<br \/>\nBegynn med \u00e5 skj\u00e6re paprika, hvitl\u00f8k og l\u00f8k i sv\u00e6rt sm\u00e5 biter.<br \/>\nHa dem i en kjele til bunnen er dekket med olje, og stek dem p\u00e5 svak varme til de er godt posjerte.<br \/>\nTilsett den knuste tomaten n\u00e5r den er kokt, og la den koke inn under konstant omr\u00f8ring.<br \/>\nSmak til med salt og pepper.<br \/>\nTilsett fiskekraft og nudler. Kok i den tiden som er angitt p\u00e5 pakken.<br \/>\nF\u00f8r koketiden er over, \u00e5pner du makrellfiletene og tilsetter dem, slik at suppen fylles med makrellsmaken og omvendt.<br \/>\nN\u00e5 skal det skje![\/et_pb_text][\/et_pb_column][\/et_pb_row][\/et_pb_section]<\/p>\n","protected":false},"excerpt":{"rendered":"<p>En god makrellnudelsuppe er alltid en fryd n\u00e5r kulda kommer. Men vi m\u00e5 ikke glemme at hvis vi lider av hyperurikemi eller gikt, b\u00f8r vi ikke spise makrell. Nudelsuppe med makrell Det finnes ikke noe bedre enn en god nudelsuppe \u00e5 varme seg p\u00e5, og hvis den er laget med fisk som makrell, er det [&hellip;]<\/p>\n","protected":false},"author":1,"featured_media":0,"comment_status":"closed","ping_status":"closed","sticky":false,"template":"","format":"standard","meta":{"_et_pb_use_builder":"on","_et_pb_old_content":"","_et_gb_content_width":"","footnotes":""},"categories":[1535],"tags":[],"class_list":["post-16767","post","type-post","status-publish","format-standard","hentry","category-ikke-kategorisert"],"_links":{"self":[{"href":"https:\/\/myspainfood.com\/no\/wp-json\/wp\/v2\/posts\/16767","targetHints":{"allow":["GET"]}}],"collection":[{"href":"https:\/\/myspainfood.com\/no\/wp-json\/wp\/v2\/posts"}],"about":[{"href":"https:\/\/myspainfood.com\/no\/wp-json\/wp\/v2\/types\/post"}],"author":[{"embeddable":true,"href":"https:\/\/myspainfood.com\/no\/wp-json\/wp\/v2\/users\/1"}],"replies":[{"embeddable":true,"href":"https:\/\/myspainfood.com\/no\/wp-json\/wp\/v2\/comments?post=16767"}],"version-history":[{"count":4,"href":"https:\/\/myspainfood.com\/no\/wp-json\/wp\/v2\/posts\/16767\/revisions"}],"predecessor-version":[{"id":16797,"href":"https:\/\/myspainfood.com\/no\/wp-json\/wp\/v2\/posts\/16767\/revisions\/16797"}],"wp:attachment":[{"href":"https:\/\/myspainfood.com\/no\/wp-json\/wp\/v2\/media?parent=16767"}],"wp:term":[{"taxonomy":"category","embeddable":true,"href":"https:\/\/myspainfood.com\/no\/wp-json\/wp\/v2\/categories?post=16767"},{"taxonomy":"post_tag","embeddable":true,"href":"https:\/\/myspainfood.com\/no\/wp-json\/wp\/v2\/tags?post=16767"}],"curies":[{"name":"wp","href":"https:\/\/api.w.org\/{rel}","templated":true}]}}