{"id":16533,"date":"2022-12-21T13:45:15","date_gmt":"2022-12-21T12:45:15","guid":{"rendered":"https:\/\/myspainfood.com\/pieczone-sardynki-z-bialym-winem-i-bulka-tarta\/"},"modified":"2025-05-08T15:32:55","modified_gmt":"2025-05-08T13:32:55","slug":"pieczone-sardynki-z-bialym-winem-i-bulka-tarta","status":"publish","type":"post","link":"https:\/\/myspainfood.com\/pl\/pieczone-sardynki-z-bialym-winem-i-bulka-tarta\/","title":{"rendered":"Pieczone sardynki z bia\u0142ym winem i bu\u0142k\u0105 tart\u0105"},"content":{"rendered":"<p>[et_pb_section fb_built=&#8221;1&#8243; theme_builder_area=&#8221;post_content&#8221; _builder_version=&#8221;4.19.4&#8243; _module_preset=&#8221;default&#8221;][et_pb_row _builder_version=&#8221;4.19.4&#8243; _module_preset=&#8221;default&#8221; theme_builder_area=&#8221;post_content&#8221;][et_pb_column _builder_version=&#8221;4.19.4&#8243; _module_preset=&#8221;default&#8221; type=&#8221;4_4&#8243; theme_builder_area=&#8221;post_content&#8221;][et_pb_text _builder_version=&#8221;4.19.4&#8243; _module_preset=&#8221;default&#8221; theme_builder_area=&#8221;post_content&#8221; hover_enabled=&#8221;0&#8243; sticky_enabled=&#8221;0&#8243;]Nie zawsze mamy okazj\u0119 zje\u015b\u0107 dobre &#8222;espeto malague\u00f1o&#8221; z tymi sardynkami, kt\u00f3re rozp\u0142ywaj\u0105 si\u0119 na podniebieniu.<\/p>\n<p>W La Tienda de Sami poka\u017cemy, jak w kilku krokach przygotowa\u0107 pieczone sardynki.<\/p>\n<p>Pieczone sardynki z bia\u0142ym winem i bu\u0142k\u0105 tart\u0105<br \/>\nDo tego gulaszu mo\u017cna r\u00f3wnie\u017c doda\u0107 pyszne ziemniaki, ale pozostawiamy to do wyboru.<\/p>\n<p>Sk\u0142adniki<br \/>\n1 \u00bd kg du\u017cych sardynek<br \/>\n5 \u0142y\u017cek oleju<br \/>\n1 szklanka (nie pe\u0142na) wina verdejo Cucamonas<br \/>\n3 \u0142y\u017cki bu\u0142ki tartej.<br \/>\n1 \u0142y\u017cka posiekanej natki pietruszki<br \/>\nSok z \u00bd cytryny<br \/>\n40 g mas\u0142a<br \/>\nS\u00f3l<br \/>\nPrzygotowanie<br \/>\nUsun\u0105\u0107 g\u0142owy i o\u015bci z sardynek. Bardzo dobrze umy\u0107 i osuszy\u0107.<br \/>\nLekko posoli\u0107 wn\u0119trze sardynek (tam, gdzie usuni\u0119to o\u015bci).<br \/>\nWlej olej do porcelanowego lub \u017caroodpornego naczynia do pieczenia.<br \/>\nU\u0142\u00f3\u017c surowe sardynki tak, aby nie by\u0142y u\u0142o\u017cone jedna na drugiej.<br \/>\nSkropi\u0107 bia\u0142ym winem i sokiem z cytryny.<br \/>\nPosypa\u0107 posiekan\u0105 natk\u0105 pietruszki, a nast\u0119pnie bu\u0142k\u0105 tart\u0105.<br \/>\nPrzykry\u0107 pokrojonym w kostk\u0119 mas\u0142em i piec na \u015brednim ogniu przez oko\u0142o 15 minut, polewaj\u0105c od czasu do czasu sokami.<br \/>\nPodawa\u0107 na tym samym talerzu.<br \/>\nNa sam\u0105 my\u015bl o tym \u015blinka nam cieknie.[\/et_pb_text][\/et_pb_column][\/et_pb_row][\/et_pb_section]<\/p>\n","protected":false},"excerpt":{"rendered":"<p>Nie zawsze mamy okazj\u0119 zje\u015b\u0107 dobre &#8222;espeto malague\u00f1o&#8221; z tymi sardynkami, kt\u00f3re rozp\u0142ywaj\u0105 si\u0119 na podniebieniu. W La Tienda de Sami poka\u017cemy, jak w kilku krokach przygotowa\u0107 pieczone sardynki. Pieczone sardynki z bia\u0142ym winem i bu\u0142k\u0105 tart\u0105 Do tego gulaszu mo\u017cna r\u00f3wnie\u017c doda\u0107 pyszne ziemniaki, ale pozostawiamy to do wyboru. Sk\u0142adniki 1 \u00bd kg du\u017cych [&hellip;]<\/p>\n","protected":false},"author":1,"featured_media":0,"comment_status":"closed","ping_status":"closed","sticky":false,"template":"","format":"standard","meta":{"_et_pb_use_builder":"on","_et_pb_old_content":"","_et_gb_content_width":"","footnotes":""},"categories":[1533],"tags":[],"class_list":["post-16533","post","type-post","status-publish","format-standard","hentry","category-bez-kategorii-pl"],"_links":{"self":[{"href":"https:\/\/myspainfood.com\/pl\/wp-json\/wp\/v2\/posts\/16533","targetHints":{"allow":["GET"]}}],"collection":[{"href":"https:\/\/myspainfood.com\/pl\/wp-json\/wp\/v2\/posts"}],"about":[{"href":"https:\/\/myspainfood.com\/pl\/wp-json\/wp\/v2\/types\/post"}],"author":[{"embeddable":true,"href":"https:\/\/myspainfood.com\/pl\/wp-json\/wp\/v2\/users\/1"}],"replies":[{"embeddable":true,"href":"https:\/\/myspainfood.com\/pl\/wp-json\/wp\/v2\/comments?post=16533"}],"version-history":[{"count":1,"href":"https:\/\/myspainfood.com\/pl\/wp-json\/wp\/v2\/posts\/16533\/revisions"}],"predecessor-version":[{"id":16538,"href":"https:\/\/myspainfood.com\/pl\/wp-json\/wp\/v2\/posts\/16533\/revisions\/16538"}],"wp:attachment":[{"href":"https:\/\/myspainfood.com\/pl\/wp-json\/wp\/v2\/media?parent=16533"}],"wp:term":[{"taxonomy":"category","embeddable":true,"href":"https:\/\/myspainfood.com\/pl\/wp-json\/wp\/v2\/categories?post=16533"},{"taxonomy":"post_tag","embeddable":true,"href":"https:\/\/myspainfood.com\/pl\/wp-json\/wp\/v2\/tags?post=16533"}],"curies":[{"name":"wp","href":"https:\/\/api.w.org\/{rel}","templated":true}]}}