{"id":16707,"date":"2022-12-20T12:15:49","date_gmt":"2022-12-20T11:15:49","guid":{"rendered":"https:\/\/myspainfood.com\/soczewica-w-prosty-i-pyszny-sposob\/"},"modified":"2025-05-08T15:32:59","modified_gmt":"2025-05-08T13:32:59","slug":"soczewica-w-prosty-i-pyszny-sposob","status":"publish","type":"post","link":"https:\/\/myspainfood.com\/pl\/soczewica-w-prosty-i-pyszny-sposob\/","title":{"rendered":"Soczewica w prosty i pyszny spos\u00f3b"},"content":{"rendered":"<p>[et_pb_section fb_built=&#8221;1&#8243; _builder_version=&#8221;4.19.4&#8243; _module_preset=&#8221;default&#8221; global_colors_info=&#8221;{}&#8221; theme_builder_area=&#8221;post_content&#8221;][et_pb_row _builder_version=&#8221;4.19.4&#8243; _module_preset=&#8221;default&#8221; global_colors_info=&#8221;{}&#8221; theme_builder_area=&#8221;post_content&#8221;][et_pb_column type=&#8221;4_4&#8243; _builder_version=&#8221;4.19.4&#8243; _module_preset=&#8221;default&#8221; global_colors_info=&#8221;{}&#8221; theme_builder_area=&#8221;post_content&#8221;][et_pb_text _builder_version=&#8221;4.19.4&#8243; _module_preset=&#8221;default&#8221; global_colors_info=&#8221;{}&#8221; theme_builder_area=&#8221;post_content&#8221;]<\/p>\n<p>Soczewica, opr\u00f3cz tego, \u017ce jest bardzo cz\u0119stym \u017ar\u00f3d\u0142em \u017celaza w naszej miesi\u0119cznej diecie, ma inne zalety od\u017cywcze, kt\u00f3rych nie mo\u017cna nie odkry\u0107.<\/p>\n<p>MySpainFood oferuje prosty i szybki przepis na soczewic\u0119, kt\u00f3ry pozwoli cieszy\u0107 si\u0119 ni\u0105 w \u0142atwy spos\u00f3b i wykorzysta\u0107 wszystkie jej warto\u015bci od\u017cywcze.<\/p>\n<p>Soczewica z chorizo<br \/>Chorizo mo\u017cna zast\u0105pi\u0107 kie\u0142bas\u0105 chistorra, chocia\u017c je\u015bli u\u017cywasz chorizo, zawsze lepiej jest z chlebem.<\/p>\n<p>Sk\u0142adniki<br \/>300 g soczewicy.<br \/>50 g czerwonej papryki<br \/>50 g zielonej papryki<br \/>100 g cebuli<br \/>50 g oleju<br \/>50 g pora<br \/>2 z\u0105bki czosnku<br \/>1 marchewka<br \/>100 g chorizo<br \/>100 g pokrojonej w kostk\u0119 szynki<br \/>1 \u0142y\u017cka s\u0142odkiej papryki<br \/>1 li\u015b\u0107 laurowy<br \/>900 g wody<\/p>\n<p>Przygotowanie<br \/>Moczy\u0107 soczewic\u0119 przez co najmniej 3 godziny wcze\u015bniej.<br \/>Pokroi\u0107 cebul\u0119, papryk\u0119, por, czosnek i marchewk\u0119 na 2\/3 cm kawa\u0142ki.<br \/>Sma\u017cy\u0107 na oleju przez oko\u0142o 8 minut.<br \/>Umie\u015b\u0107 sofrito, papryk\u0119, chorizo, umyt\u0105 i ods\u0105czon\u0105 soczewic\u0119, pokrojon\u0105 w kostk\u0119 szynk\u0119, li\u015b\u0107 laurowy i wod\u0119 w rondlu.<br \/>Gotuj przez 30 minut.<br \/>Teraz masz pyszn\u0105 soczewic\u0119!<\/p>\n<p>[\/et_pb_text][\/et_pb_column][\/et_pb_row][\/et_pb_section]<\/p>\n","protected":false},"excerpt":{"rendered":"<p>Soczewica, opr\u00f3cz tego, \u017ce jest bardzo cz\u0119stym \u017ar\u00f3d\u0142em \u017celaza w naszej miesi\u0119cznej diecie, ma inne zalety od\u017cywcze, kt\u00f3rych nie mo\u017cna nie odkry\u0107. MySpainFood oferuje prosty i szybki przepis na soczewic\u0119, kt\u00f3ry pozwoli cieszy\u0107 si\u0119 ni\u0105 w \u0142atwy spos\u00f3b i wykorzysta\u0107 wszystkie jej warto\u015bci od\u017cywcze. Soczewica z chorizoChorizo mo\u017cna zast\u0105pi\u0107 kie\u0142bas\u0105 chistorra, chocia\u017c je\u015bli u\u017cywasz chorizo, [&hellip;]<\/p>\n","protected":false},"author":1,"featured_media":0,"comment_status":"closed","ping_status":"closed","sticky":false,"template":"","format":"standard","meta":{"_et_pb_use_builder":"on","_et_pb_old_content":"","_et_gb_content_width":"","footnotes":""},"categories":[1533],"tags":[],"class_list":["post-16707","post","type-post","status-publish","format-standard","hentry","category-bez-kategorii-pl"],"_links":{"self":[{"href":"https:\/\/myspainfood.com\/pl\/wp-json\/wp\/v2\/posts\/16707","targetHints":{"allow":["GET"]}}],"collection":[{"href":"https:\/\/myspainfood.com\/pl\/wp-json\/wp\/v2\/posts"}],"about":[{"href":"https:\/\/myspainfood.com\/pl\/wp-json\/wp\/v2\/types\/post"}],"author":[{"embeddable":true,"href":"https:\/\/myspainfood.com\/pl\/wp-json\/wp\/v2\/users\/1"}],"replies":[{"embeddable":true,"href":"https:\/\/myspainfood.com\/pl\/wp-json\/wp\/v2\/comments?post=16707"}],"version-history":[{"count":1,"href":"https:\/\/myspainfood.com\/pl\/wp-json\/wp\/v2\/posts\/16707\/revisions"}],"predecessor-version":[{"id":34858,"href":"https:\/\/myspainfood.com\/pl\/wp-json\/wp\/v2\/posts\/16707\/revisions\/34858"}],"wp:attachment":[{"href":"https:\/\/myspainfood.com\/pl\/wp-json\/wp\/v2\/media?parent=16707"}],"wp:term":[{"taxonomy":"category","embeddable":true,"href":"https:\/\/myspainfood.com\/pl\/wp-json\/wp\/v2\/categories?post=16707"},{"taxonomy":"post_tag","embeddable":true,"href":"https:\/\/myspainfood.com\/pl\/wp-json\/wp\/v2\/tags?post=16707"}],"curies":[{"name":"wp","href":"https:\/\/api.w.org\/{rel}","templated":true}]}}