{"id":16750,"date":"2022-12-20T14:02:12","date_gmt":"2022-12-20T13:02:12","guid":{"rendered":"https:\/\/myspainfood.com\/zupa-makaronowa-z-makrela\/"},"modified":"2025-05-08T15:32:58","modified_gmt":"2025-05-08T13:32:58","slug":"zupa-makaronowa-z-makrela","status":"publish","type":"post","link":"https:\/\/myspainfood.com\/pl\/zupa-makaronowa-z-makrela\/","title":{"rendered":"Zupa makaronowa z makrel\u0105"},"content":{"rendered":"<p>[et_pb_section fb_built=&#8221;1&#8243; theme_builder_area=&#8221;post_content&#8221; _builder_version=&#8221;4.19.4&#8243; _module_preset=&#8221;default&#8221;][et_pb_row _builder_version=&#8221;4.19.4&#8243; _module_preset=&#8221;default&#8221; theme_builder_area=&#8221;post_content&#8221;][et_pb_column _builder_version=&#8221;4.19.4&#8243; _module_preset=&#8221;default&#8221; type=&#8221;4_4&#8243; theme_builder_area=&#8221;post_content&#8221;][et_pb_text _builder_version=&#8221;4.19.4&#8243; _module_preset=&#8221;default&#8221; theme_builder_area=&#8221;post_content&#8221; hover_enabled=&#8221;0&#8243; sticky_enabled=&#8221;0&#8243;]Dobra zupa z makreli z makaronem jest zawsze rozkosz\u0105, gdy nadchodzi zimna pogoda. Nie mo\u017cemy jednak zapomina\u0107, \u017ce je\u015bli cierpimy na hiperurykemi\u0119 lub podagr\u0119, nie powinni\u015bmy je\u015b\u0107 makreli. <\/p>\n<p>Zupa makaronowa z makrel\u0105<br \/>\nNie ma nic lepszego ni\u017c dobra zupa makaronowa na rozgrzanie, a je\u015bli jest zrobiona z ryby takiej jak makrela, tym lepiej.<\/p>\n<p>Sk\u0142adniki<br \/>\n2 z\u0105bki czosnku<br \/>\n100 g cebuli<br \/>\n50 gr czerwonej papryki<br \/>\n50 g zielonego pieprzu<br \/>\n500 g rozdrobnionego pomidora<br \/>\nOliwa z oliwek<br \/>\nZasoby rybne<br \/>\nMakaron<br \/>\n500 g makreli<br \/>\nS\u00f3l i pieprz<br \/>\nPrzygotowanie<br \/>\nZacznij od pokrojenia papryki, czosnku i cebuli na bardzo ma\u0142e kawa\u0142ki.<br \/>\nW\u0142\u00f3\u017c je do rondla, a\u017c dno pokryje si\u0119 olejem, i sma\u017c na ma\u0142ym ogniu, a\u017c b\u0119d\u0105 dobrze ugotowane.<br \/>\nPo ugotowaniu dodaj rozgniecione pomidory i pozw\u00f3l im si\u0119 zredukowa\u0107, ci\u0105gle mieszaj\u0105c.<br \/>\nDopraw do smaku sol\u0105 i pieprzem.<br \/>\nDoda\u0107 bulion rybny i makaron. Gotuj przez czas podany na opakowaniu.<br \/>\nPrzed ko\u0144cem gotowania otw\u00f3rz filety z makreli i dodaj je, aby zupa wype\u0142ni\u0142a si\u0119 smakiem makreli i odwrotnie.<br \/>\nPodawaj \u0142y\u017ck\u0105![\/et_pb_text][\/et_pb_column][\/et_pb_row][\/et_pb_section]<\/p>\n","protected":false},"excerpt":{"rendered":"<p>Dobra zupa z makreli z makaronem jest zawsze rozkosz\u0105, gdy nadchodzi zimna pogoda. Nie mo\u017cemy jednak zapomina\u0107, \u017ce je\u015bli cierpimy na hiperurykemi\u0119 lub podagr\u0119, nie powinni\u015bmy je\u015b\u0107 makreli. Zupa makaronowa z makrel\u0105 Nie ma nic lepszego ni\u017c dobra zupa makaronowa na rozgrzanie, a je\u015bli jest zrobiona z ryby takiej jak makrela, tym lepiej. Sk\u0142adniki 2 [&hellip;]<\/p>\n","protected":false},"author":1,"featured_media":0,"comment_status":"closed","ping_status":"closed","sticky":false,"template":"","format":"standard","meta":{"_et_pb_use_builder":"on","_et_pb_old_content":"","_et_gb_content_width":"","footnotes":""},"categories":[1533],"tags":[],"class_list":["post-16750","post","type-post","status-publish","format-standard","hentry","category-bez-kategorii-pl"],"_links":{"self":[{"href":"https:\/\/myspainfood.com\/pl\/wp-json\/wp\/v2\/posts\/16750","targetHints":{"allow":["GET"]}}],"collection":[{"href":"https:\/\/myspainfood.com\/pl\/wp-json\/wp\/v2\/posts"}],"about":[{"href":"https:\/\/myspainfood.com\/pl\/wp-json\/wp\/v2\/types\/post"}],"author":[{"embeddable":true,"href":"https:\/\/myspainfood.com\/pl\/wp-json\/wp\/v2\/users\/1"}],"replies":[{"embeddable":true,"href":"https:\/\/myspainfood.com\/pl\/wp-json\/wp\/v2\/comments?post=16750"}],"version-history":[{"count":4,"href":"https:\/\/myspainfood.com\/pl\/wp-json\/wp\/v2\/posts\/16750\/revisions"}],"predecessor-version":[{"id":16796,"href":"https:\/\/myspainfood.com\/pl\/wp-json\/wp\/v2\/posts\/16750\/revisions\/16796"}],"wp:attachment":[{"href":"https:\/\/myspainfood.com\/pl\/wp-json\/wp\/v2\/media?parent=16750"}],"wp:term":[{"taxonomy":"category","embeddable":true,"href":"https:\/\/myspainfood.com\/pl\/wp-json\/wp\/v2\/categories?post=16750"},{"taxonomy":"post_tag","embeddable":true,"href":"https:\/\/myspainfood.com\/pl\/wp-json\/wp\/v2\/tags?post=16750"}],"curies":[{"name":"wp","href":"https:\/\/api.w.org\/{rel}","templated":true}]}}