{"id":16826,"date":"2022-12-21T10:41:59","date_gmt":"2022-12-21T09:41:59","guid":{"rendered":"https:\/\/myspainfood.com\/pate-z-pieczonej-papryki-z-tunczykiem\/"},"modified":"2025-05-08T15:32:57","modified_gmt":"2025-05-08T13:32:57","slug":"pate-z-pieczonej-papryki-z-tunczykiem","status":"publish","type":"post","link":"https:\/\/myspainfood.com\/pl\/pate-z-pieczonej-papryki-z-tunczykiem\/","title":{"rendered":"Pat\u00e9 z pieczonej papryki z tu\u0144czykiem"},"content":{"rendered":"<p>[et_pb_section fb_built=&#8221;1&#8243; theme_builder_area=&#8221;post_content&#8221; _builder_version=&#8221;4.19.4&#8243; _module_preset=&#8221;default&#8221;][et_pb_row _builder_version=&#8221;4.19.4&#8243; _module_preset=&#8221;default&#8221; theme_builder_area=&#8221;post_content&#8221;][et_pb_column _builder_version=&#8221;4.19.4&#8243; _module_preset=&#8221;default&#8221; type=&#8221;4_4&#8243; theme_builder_area=&#8221;post_content&#8221;][et_pb_text _builder_version=&#8221;4.19.4&#8243; _module_preset=&#8221;default&#8221; theme_builder_area=&#8221;post_content&#8221; hover_enabled=&#8221;0&#8243; sticky_enabled=&#8221;0&#8243;]Jak widzimy, istnieje wiele rodzaj\u00f3w pasztet\u00f3w: wieprzowy, kaszanka, z dzika, z o\u015bmiornicy&#8230;.<\/p>\n<p>Dzi\u015b w La Tienda de Sami przedstawiamy spos\u00f3b przygotowania pasztetu z pieczonej papryki z tu\u0144czykiem.<\/p>\n<p>Pasztet z pieczonej papryki z tu\u0144czykiem<br \/>\nJedna z gwiazdorskich przystawek, kt\u00f3ra zaskoczy Twoj\u0105 rodzin\u0119, \u0142atwa i smaczna, tak jak lubimy.<\/p>\n<p>Sk\u0142adniki<br \/>\n200 g papryki pieczonej w drewnie<br \/>\n60 g tu\u0144czyka w oliwie z oliwek z pierwszego t\u0142oczenia<br \/>\n15 g sosu ostrygowego<br \/>\n4 g korniszon\u00f3w<br \/>\n15 g musztardy<br \/>\n1 z\u0105bek czosnku<br \/>\n20 g oliwy z oliwek z pierwszego t\u0142oczenia<br \/>\nS\u00f3l i pieprz<br \/>\nPrzygotowanie<br \/>\nWyj\u0105\u0107 papryk\u0119 z puszki i dobrze ods\u0105czy\u0107, aby nie pozosta\u0142a woda. To samo zr\u00f3b z tu\u0144czykiem, poniewa\u017c je\u015bli pozostanie w nim woda, mo\u017ce straci\u0107 g\u0119sto\u015b\u0107.<br \/>\nUmie\u015b\u0107 wszystkie sk\u0142adniki (z wyj\u0105tkiem oliwy) w blenderze i miksuj, a\u017c uzyskasz sp\u00f3jn\u0105, jednorodn\u0105 mieszank\u0119.<br \/>\nDodaj s\u00f3l i oliw\u0119 i ponownie zmiksuj.<br \/>\nSpr\u00f3buj pasztetu i je\u015bli nie jest g\u0119sty, dodaj bu\u0142k\u0119 tart\u0105.<br \/>\nCiesz si\u0119 pyszn\u0105 przystawk\u0105![\/et_pb_text][\/et_pb_column][\/et_pb_row][\/et_pb_section]<\/p>\n","protected":false},"excerpt":{"rendered":"<p>Jak widzimy, istnieje wiele rodzaj\u00f3w pasztet\u00f3w: wieprzowy, kaszanka, z dzika, z o\u015bmiornicy&#8230;. Dzi\u015b w La Tienda de Sami przedstawiamy spos\u00f3b przygotowania pasztetu z pieczonej papryki z tu\u0144czykiem. Pasztet z pieczonej papryki z tu\u0144czykiem Jedna z gwiazdorskich przystawek, kt\u00f3ra zaskoczy Twoj\u0105 rodzin\u0119, \u0142atwa i smaczna, tak jak lubimy. Sk\u0142adniki 200 g papryki pieczonej w drewnie 60 [&hellip;]<\/p>\n","protected":false},"author":1,"featured_media":0,"comment_status":"closed","ping_status":"closed","sticky":false,"template":"","format":"standard","meta":{"_et_pb_use_builder":"on","_et_pb_old_content":"","_et_gb_content_width":"","footnotes":""},"categories":[1533],"tags":[],"class_list":["post-16826","post","type-post","status-publish","format-standard","hentry","category-bez-kategorii-pl"],"_links":{"self":[{"href":"https:\/\/myspainfood.com\/pl\/wp-json\/wp\/v2\/posts\/16826","targetHints":{"allow":["GET"]}}],"collection":[{"href":"https:\/\/myspainfood.com\/pl\/wp-json\/wp\/v2\/posts"}],"about":[{"href":"https:\/\/myspainfood.com\/pl\/wp-json\/wp\/v2\/types\/post"}],"author":[{"embeddable":true,"href":"https:\/\/myspainfood.com\/pl\/wp-json\/wp\/v2\/users\/1"}],"replies":[{"embeddable":true,"href":"https:\/\/myspainfood.com\/pl\/wp-json\/wp\/v2\/comments?post=16826"}],"version-history":[{"count":1,"href":"https:\/\/myspainfood.com\/pl\/wp-json\/wp\/v2\/posts\/16826\/revisions"}],"predecessor-version":[{"id":16834,"href":"https:\/\/myspainfood.com\/pl\/wp-json\/wp\/v2\/posts\/16826\/revisions\/16834"}],"wp:attachment":[{"href":"https:\/\/myspainfood.com\/pl\/wp-json\/wp\/v2\/media?parent=16826"}],"wp:term":[{"taxonomy":"category","embeddable":true,"href":"https:\/\/myspainfood.com\/pl\/wp-json\/wp\/v2\/categories?post=16826"},{"taxonomy":"post_tag","embeddable":true,"href":"https:\/\/myspainfood.com\/pl\/wp-json\/wp\/v2\/tags?post=16826"}],"curies":[{"name":"wp","href":"https:\/\/api.w.org\/{rel}","templated":true}]}}