{"id":16983,"date":"2022-12-21T12:42:57","date_gmt":"2022-12-21T11:42:57","guid":{"rendered":"https:\/\/myspainfood.com\/gulasz-z-kurczaka-z-cebula-pomidorami-i-czerwona-papryka\/"},"modified":"2025-05-08T15:32:56","modified_gmt":"2025-05-08T13:32:56","slug":"gulasz-z-kurczaka-z-cebula-pomidorami-i-czerwona-papryka","status":"publish","type":"post","link":"https:\/\/myspainfood.com\/pl\/gulasz-z-kurczaka-z-cebula-pomidorami-i-czerwona-papryka\/","title":{"rendered":"Gulasz z kurczaka z cebul\u0105, pomidorami i czerwon\u0105 papryk\u0105"},"content":{"rendered":"<p>[et_pb_section fb_built=&#8221;1&#8243; theme_builder_area=&#8221;post_content&#8221; _builder_version=&#8221;4.19.4&#8243; _module_preset=&#8221;default&#8221;][et_pb_row _builder_version=&#8221;4.19.4&#8243; _module_preset=&#8221;default&#8221; theme_builder_area=&#8221;post_content&#8221;][et_pb_column _builder_version=&#8221;4.19.4&#8243; _module_preset=&#8221;default&#8221; type=&#8221;4_4&#8243; theme_builder_area=&#8221;post_content&#8221;][et_pb_text _builder_version=&#8221;4.19.4&#8243; _module_preset=&#8221;default&#8221; theme_builder_area=&#8221;post_content&#8221; hover_enabled=&#8221;0&#8243; sticky_enabled=&#8221;0&#8243;]<\/p>\n<p>Uwielbiamy gotowa\u0107 tego rodzaju gulasze, poniewa\u017c s\u0105 one typowymi potrawami &#8222;toda la vida&#8221;.<br \/>Istnieje wiele odmian.<\/p>\n<p>W La Tienda de Sami pokazujemy, jak przygotowa\u0107 to pyszne danie.<\/p>\n<p>Gulasz z kurczaka z cebul\u0105, pomidorami i czerwon\u0105 papryk\u0105<br \/>Do tego gulaszu mo\u017cna r\u00f3wnie\u017c doda\u0107 pyszne ziemniaki z torebki, ale pozostawiamy to do wyboru.<\/p>\n<p>&nbsp;<\/p>\n<p>Sk\u0142adniki<br \/>2 kurczaki po 1 \u00bc kg ka\u017cdy (pokrojone na \u015brednie kawa\u0142ki)<br \/>100 gr. boczku<br \/>4 \u0142y\u017cki oliwy<br \/>6 ma\u0142ych pomidor\u00f3w<br \/>8 cebul francuskich<br \/>1 ga\u0142ka mas\u0142a<br \/>1 ma\u0142y s\u0142oik (100 g) papryczek piquillo (opalanych drewnem)<br \/>P\u00f3\u0142 szklanki (wody) bia\u0142ego wina 1 szklanka (wody) wody 1 szklanka (wody) bia\u0142ego wina  szklanka (wody) bia\u0142ego wina<br \/>P\u00f3\u0142 szklanki (wody) wody<br \/>1 szczypta aromatycznych zi\u00f3\u0142<br \/>1 \u0142y\u017cka posiekanej natki pietruszki<br \/>S\u00f3l<br \/>Przygotowanie<br \/>Po flambirowaniu i przygotowaniu, posieka\u0107 kurczaka.<br \/>Rozgrza\u0107 olej na patelni. Gdy b\u0119dzie gotowy, dobrze podsma\u017c kawa\u0142ki kurczaka.<br \/>Dodaj pokrojony w kostk\u0119 boczek. Doda\u0107 obrane ze sk\u00f3rki, ale ca\u0142e pomidory.  <br \/>Doprawi\u0107 sol\u0105 i zio\u0142ami.<br \/>Dobrze wymieszaj drewnian\u0105 \u0142y\u017ck\u0105 i dodaj wino oraz wod\u0119.<br \/>Przykryj naczynie pokrywk\u0105 i na \u015brednim ogniu gotuj kurczaka przez oko\u0142o 45 minut, je\u015bli jest mi\u0119kki, je\u015bli nie, troch\u0119 d\u0142u\u017cej, ale upewnij si\u0119, \u017ce kawa\u0142ki si\u0119 nie rozpadn\u0105.<br \/>Oddzielnie, w ma\u0142ym rondelku, ugotuj obran\u0105 cebul\u0119 z mas\u0142em, odrobin\u0105 wody, aby j\u0105 przykry\u0107 i sol\u0105.<br \/>Gdy kurczak b\u0119dzie mi\u0119kki, dodaj cebul\u0119, drobno pokrojon\u0105 papryk\u0119 i posiekan\u0105 natk\u0119 pietruszki.<br \/>Wymiesza\u0107 drewnian\u0105 \u0142y\u017ck\u0105 i natychmiast podawa\u0107 w naczyniu do serwowania.<br \/>Na sam\u0105 my\u015bl o tym \u015blinka nam cieknie.<\/p>\n<p>[\/et_pb_text][\/et_pb_column][\/et_pb_row][\/et_pb_section]<\/p>\n","protected":false},"excerpt":{"rendered":"<p>Uwielbiamy gotowa\u0107 tego rodzaju gulasze, poniewa\u017c s\u0105 one typowymi potrawami &#8222;toda la vida&#8221;.Istnieje wiele odmian. W La Tienda de Sami pokazujemy, jak przygotowa\u0107 to pyszne danie. Gulasz z kurczaka z cebul\u0105, pomidorami i czerwon\u0105 papryk\u0105Do tego gulaszu mo\u017cna r\u00f3wnie\u017c doda\u0107 pyszne ziemniaki z torebki, ale pozostawiamy to do wyboru. &nbsp; Sk\u0142adniki2 kurczaki po 1 \u00bc [&hellip;]<\/p>\n","protected":false},"author":1,"featured_media":0,"comment_status":"closed","ping_status":"closed","sticky":false,"template":"","format":"standard","meta":{"_et_pb_use_builder":"on","_et_pb_old_content":"","_et_gb_content_width":"","footnotes":""},"categories":[1533],"tags":[],"class_list":["post-16983","post","type-post","status-publish","format-standard","hentry","category-bez-kategorii-pl"],"_links":{"self":[{"href":"https:\/\/myspainfood.com\/pl\/wp-json\/wp\/v2\/posts\/16983","targetHints":{"allow":["GET"]}}],"collection":[{"href":"https:\/\/myspainfood.com\/pl\/wp-json\/wp\/v2\/posts"}],"about":[{"href":"https:\/\/myspainfood.com\/pl\/wp-json\/wp\/v2\/types\/post"}],"author":[{"embeddable":true,"href":"https:\/\/myspainfood.com\/pl\/wp-json\/wp\/v2\/users\/1"}],"replies":[{"embeddable":true,"href":"https:\/\/myspainfood.com\/pl\/wp-json\/wp\/v2\/comments?post=16983"}],"version-history":[{"count":8,"href":"https:\/\/myspainfood.com\/pl\/wp-json\/wp\/v2\/posts\/16983\/revisions"}],"predecessor-version":[{"id":17003,"href":"https:\/\/myspainfood.com\/pl\/wp-json\/wp\/v2\/posts\/16983\/revisions\/17003"}],"wp:attachment":[{"href":"https:\/\/myspainfood.com\/pl\/wp-json\/wp\/v2\/media?parent=16983"}],"wp:term":[{"taxonomy":"category","embeddable":true,"href":"https:\/\/myspainfood.com\/pl\/wp-json\/wp\/v2\/categories?post=16983"},{"taxonomy":"post_tag","embeddable":true,"href":"https:\/\/myspainfood.com\/pl\/wp-json\/wp\/v2\/tags?post=16983"}],"curies":[{"name":"wp","href":"https:\/\/api.w.org\/{rel}","templated":true}]}}