{"id":16525,"date":"2022-12-21T12:42:57","date_gmt":"2022-12-21T11:42:57","guid":{"rendered":"https:\/\/myspainfood.com\/tocanita-de-pui-cu-ceapa-rosii-si-ardei-rosu\/"},"modified":"2025-05-08T15:32:56","modified_gmt":"2025-05-08T13:32:56","slug":"tocanita-de-pui-cu-ceapa-rosii-si-ardei-rosu","status":"publish","type":"post","link":"https:\/\/myspainfood.com\/ro\/tocanita-de-pui-cu-ceapa-rosii-si-ardei-rosu\/","title":{"rendered":"Toc\u0103ni\u021b\u0103 de pui cu ceap\u0103, ro\u0219ii \u0219i ardei ro\u0219u"},"content":{"rendered":"<p>[et_pb_section fb_built=&#8221;1&#8243; theme_builder_area=&#8221;post_content&#8221; _builder_version=&#8221;4.19.4&#8243; _module_preset=&#8221;default&#8221;][et_pb_row _builder_version=&#8221;4.19.4&#8243; _module_preset=&#8221;default&#8221; theme_builder_area=&#8221;post_content&#8221;][et_pb_column _builder_version=&#8221;4.19.4&#8243; _module_preset=&#8221;default&#8221; type=&#8221;4_4&#8243; theme_builder_area=&#8221;post_content&#8221;][et_pb_text _builder_version=&#8221;4.19.4&#8243; _module_preset=&#8221;default&#8221; theme_builder_area=&#8221;post_content&#8221; hover_enabled=&#8221;0&#8243; sticky_enabled=&#8221;0&#8243;]<\/p>\n<p>Ne place s\u0103 g\u0103tim acest tip de toc\u0103ni\u021be pentru c\u0103 sunt m\u00e2nc\u0103rurile tipice din &#8222;toda la vida&#8221;.<br \/>Exist\u0103 multe variet\u0103\u021bi.<\/p>\n<p>La Tienda de Sami v\u0103 ar\u0103t\u0103m cum s\u0103 prepara\u021bi acest fel de m\u00e2ncare delicios.<\/p>\n<p>Tocan\u0103 de pui cu ceap\u0103, ro\u0219ii \u0219i ardei ro\u0219u<br \/>Pute\u021bi include, de asemenea, ni\u0219te cartofi delicio\u0219i ca acompaniament pentru aceast\u0103 tocan\u0103, dar l\u0103s\u0103m asta la latitudinea dvs.<\/p>\n<p>&nbsp;<\/p>\n<p>Ingrediente<br \/>2 pui de 1 \u00bc kg. fiecare (t\u0103ia\u021bi \u00een buc\u0103\u021bi medii)<br \/>100 gr. de sl\u0103nin\u0103<br \/>4 linguri de ulei<br \/>6 ro\u0219ii mici<br \/>8 cepe fran\u021buze\u0219ti<br \/>1 bucat\u0103 de unt<br \/>1 borcan mic (100 g) de ardei piquillo (la foc de lemne)<br \/>O jum\u0103tate de pahar (de ap\u0103) de vin alb 1 jum\u0103tate de pahar (de ap\u0103) de ap\u0103 1 pahar (de ap\u0103) de vin alb 1 pahar (de ap\u0103) de ap\u0103  pahar (de ap\u0103) de vin alb<br \/>O jum\u0103tate de pahar (de ap\u0103) de ap\u0103<br \/>1 v\u00e2rf de cu\u021bit de ierburi aromatice<br \/>1 lingur\u0103 de p\u0103trunjel tocat<br \/>Sare<br \/>Mod de preparare<br \/>Odat\u0103 flambat \u0219i preg\u0103tit, se toac\u0103 puiul.<br \/>Se \u00eencinge uleiul \u00eentr-o tigaie. C\u00e2nd este gata, se pr\u0103jesc bine buc\u0103\u021bile de pui.<br \/>Se adaug\u0103 baconul t\u0103iat cubule\u021be. Se adaug\u0103 ro\u0219iile decojite, dar \u00eentregi.  <br \/>Se condimenteaz\u0103 cu sare \u0219i ierburi aromatice.<br \/>Se amestec\u0103 bine cu o lingur\u0103 de lemn \u0219i se adaug\u0103 vinul \u0219i apa.<br \/>Acoperi\u021bi caserola cu un capac \u0219i, la foc mediu, g\u0103ti\u021bi puiul timp de aproximativ 45 de minute, dac\u0103 sunt fragede, dac\u0103 nu, pu\u021bin mai mult, dar asigura\u021bi-v\u0103 c\u0103 buc\u0103\u021bile nu se desfac.<br \/>Separat, \u00eentr-o crati\u021b\u0103 mic\u0103, se c\u0103le\u0219te ceapa decojit\u0103 cu untul, pu\u021bin\u0103 ap\u0103 s\u0103 o acopere \u0219i sare.<br \/>C\u00e2nd puiul este fraged, se adaug\u0103 ceapa, ardeiul tocat m\u0103runt \u0219i p\u0103trunjelul tocat.<br \/>Se amestec\u0103 cu o lingur\u0103 de lemn \u0219i se serve\u0219te imediat \u00eentr-un vas de servire.<br \/>Ne las\u0103 gura ap\u0103 doar c\u00e2nd ne g\u00e2ndim la asta.<\/p>\n<p>[\/et_pb_text][\/et_pb_column][\/et_pb_row][\/et_pb_section]<\/p>\n","protected":false},"excerpt":{"rendered":"<p>Ne place s\u0103 g\u0103tim acest tip de toc\u0103ni\u021be pentru c\u0103 sunt m\u00e2nc\u0103rurile tipice din &#8222;toda la vida&#8221;.Exist\u0103 multe variet\u0103\u021bi. La Tienda de Sami v\u0103 ar\u0103t\u0103m cum s\u0103 prepara\u021bi acest fel de m\u00e2ncare delicios. Tocan\u0103 de pui cu ceap\u0103, ro\u0219ii \u0219i ardei ro\u0219uPute\u021bi include, de asemenea, ni\u0219te cartofi delicio\u0219i ca acompaniament pentru aceast\u0103 tocan\u0103, dar l\u0103s\u0103m [&hellip;]<\/p>\n","protected":false},"author":1,"featured_media":0,"comment_status":"closed","ping_status":"closed","sticky":false,"template":"","format":"standard","meta":{"_et_pb_use_builder":"on","_et_pb_old_content":"","_et_gb_content_width":"","footnotes":""},"categories":[1531],"tags":[],"class_list":["post-16525","post","type-post","status-publish","format-standard","hentry","category-fara-categorie"],"_links":{"self":[{"href":"https:\/\/myspainfood.com\/ro\/wp-json\/wp\/v2\/posts\/16525","targetHints":{"allow":["GET"]}}],"collection":[{"href":"https:\/\/myspainfood.com\/ro\/wp-json\/wp\/v2\/posts"}],"about":[{"href":"https:\/\/myspainfood.com\/ro\/wp-json\/wp\/v2\/types\/post"}],"author":[{"embeddable":true,"href":"https:\/\/myspainfood.com\/ro\/wp-json\/wp\/v2\/users\/1"}],"replies":[{"embeddable":true,"href":"https:\/\/myspainfood.com\/ro\/wp-json\/wp\/v2\/comments?post=16525"}],"version-history":[{"count":6,"href":"https:\/\/myspainfood.com\/ro\/wp-json\/wp\/v2\/posts\/16525\/revisions"}],"predecessor-version":[{"id":16536,"href":"https:\/\/myspainfood.com\/ro\/wp-json\/wp\/v2\/posts\/16525\/revisions\/16536"}],"wp:attachment":[{"href":"https:\/\/myspainfood.com\/ro\/wp-json\/wp\/v2\/media?parent=16525"}],"wp:term":[{"taxonomy":"category","embeddable":true,"href":"https:\/\/myspainfood.com\/ro\/wp-json\/wp\/v2\/categories?post=16525"},{"taxonomy":"post_tag","embeddable":true,"href":"https:\/\/myspainfood.com\/ro\/wp-json\/wp\/v2\/tags?post=16525"}],"curies":[{"name":"wp","href":"https:\/\/api.w.org\/{rel}","templated":true}]}}