{"id":16739,"date":"2022-12-20T14:02:12","date_gmt":"2022-12-20T13:02:12","guid":{"rendered":"https:\/\/myspainfood.com\/supa-de-taitei-cu-macrou\/"},"modified":"2025-05-08T15:32:58","modified_gmt":"2025-05-08T13:32:58","slug":"supa-de-taitei-cu-macrou","status":"publish","type":"post","link":"https:\/\/myspainfood.com\/ro\/supa-de-taitei-cu-macrou\/","title":{"rendered":"Sup\u0103 de t\u0103i\u021bei cu macrou"},"content":{"rendered":"<p>[et_pb_section fb_built=&#8221;1&#8243; theme_builder_area=&#8221;post_content&#8221; _builder_version=&#8221;4.19.4&#8243; _module_preset=&#8221;default&#8221;][et_pb_row _builder_version=&#8221;4.19.4&#8243; _module_preset=&#8221;default&#8221; theme_builder_area=&#8221;post_content&#8221;][et_pb_column _builder_version=&#8221;4.19.4&#8243; _module_preset=&#8221;default&#8221; type=&#8221;4_4&#8243; theme_builder_area=&#8221;post_content&#8221;][et_pb_text _builder_version=&#8221;4.19.4&#8243; _module_preset=&#8221;default&#8221; theme_builder_area=&#8221;post_content&#8221; hover_enabled=&#8221;0&#8243; sticky_enabled=&#8221;0&#8243;]O sup\u0103 bun\u0103 de macrou cu t\u0103i\u021bei este \u00eentotdeauna o \u00eenc\u00e2ntare c\u00e2nd vine vremea rece. Dar nu trebuie s\u0103 uit\u0103m c\u0103, dac\u0103 suferim de hiperuricemie sau gut\u0103, nu trebuie s\u0103 m\u00e2nc\u0103m macrou. <\/p>\n<p>Sup\u0103 de t\u0103i\u021bei cu macrou<br \/>\nNimic nu este mai bun dec\u00e2t o sup\u0103 bun\u0103 de t\u0103i\u021bei pentru a v\u0103 \u00eenc\u0103lzi, iar dac\u0103 este f\u0103cut\u0103 cu un pe\u0219te precum macrou, cu at\u00e2t mai bine.<\/p>\n<p>Ingrediente<br \/>\n2 c\u0103\u021bei de usturoi<br \/>\n100 g ceap\u0103<br \/>\n50 gr piper ro\u0219u<br \/>\n50 gr piper verde<br \/>\n500 gr de ro\u0219ii zdrobite<br \/>\nUlei de m\u0103sline<br \/>\nStocurile de pe\u0219te<br \/>\nT\u0103i\u021bei<br \/>\n500 g macrou<br \/>\nSare \u0219i piper<br \/>\nPreparare<br \/>\n\u00cencepe\u021bi prin a t\u0103ia ardeii, usturoiul \u0219i ceapa \u00een buc\u0103\u021bi foarte mici.<br \/>\nSe pun \u00eentr-o crati\u021b\u0103 p\u00e2n\u0103 c\u00e2nd fundul este acoperit cu ulei \u0219i se pr\u0103jesc la foc mic p\u00e2n\u0103 c\u00e2nd sunt bine fierte.<br \/>\nDup\u0103 ce a fiert, se adaug\u0103 ro\u0219iile zdrobite \u0219i se las\u0103 s\u0103 scad\u0103, amestec\u00e2nd constant.<br \/>\nSe condimenteaz\u0103 dup\u0103 gust cu sare \u0219i piper.<br \/>\nSe adaug\u0103 bulionul de pe\u0219te \u0219i t\u0103i\u021beii. Se fierbe \u00een timpul indicat pe pachet.<br \/>\n\u00cenainte de sf\u00e2r\u0219itul timpului de fierbere, se deschid fileurile de macrou \u0219i se adaug\u0103, astfel \u00eenc\u00e2t supa s\u0103 se umple de aroma macrou \u0219i invers.<br \/>\nS\u0103 punem lingura![\/et_pb_text][\/et_pb_column][\/et_pb_row][\/et_pb_section]<\/p>\n","protected":false},"excerpt":{"rendered":"<p>O sup\u0103 bun\u0103 de macrou cu t\u0103i\u021bei este \u00eentotdeauna o \u00eenc\u00e2ntare c\u00e2nd vine vremea rece. Dar nu trebuie s\u0103 uit\u0103m c\u0103, dac\u0103 suferim de hiperuricemie sau gut\u0103, nu trebuie s\u0103 m\u00e2nc\u0103m macrou. Sup\u0103 de t\u0103i\u021bei cu macrou Nimic nu este mai bun dec\u00e2t o sup\u0103 bun\u0103 de t\u0103i\u021bei pentru a v\u0103 \u00eenc\u0103lzi, iar dac\u0103 este [&hellip;]<\/p>\n","protected":false},"author":1,"featured_media":0,"comment_status":"closed","ping_status":"closed","sticky":false,"template":"","format":"standard","meta":{"_et_pb_use_builder":"on","_et_pb_old_content":"","_et_gb_content_width":"","footnotes":""},"categories":[1531],"tags":[],"class_list":["post-16739","post","type-post","status-publish","format-standard","hentry","category-fara-categorie"],"_links":{"self":[{"href":"https:\/\/myspainfood.com\/ro\/wp-json\/wp\/v2\/posts\/16739","targetHints":{"allow":["GET"]}}],"collection":[{"href":"https:\/\/myspainfood.com\/ro\/wp-json\/wp\/v2\/posts"}],"about":[{"href":"https:\/\/myspainfood.com\/ro\/wp-json\/wp\/v2\/types\/post"}],"author":[{"embeddable":true,"href":"https:\/\/myspainfood.com\/ro\/wp-json\/wp\/v2\/users\/1"}],"replies":[{"embeddable":true,"href":"https:\/\/myspainfood.com\/ro\/wp-json\/wp\/v2\/comments?post=16739"}],"version-history":[{"count":8,"href":"https:\/\/myspainfood.com\/ro\/wp-json\/wp\/v2\/posts\/16739\/revisions"}],"predecessor-version":[{"id":16795,"href":"https:\/\/myspainfood.com\/ro\/wp-json\/wp\/v2\/posts\/16739\/revisions\/16795"}],"wp:attachment":[{"href":"https:\/\/myspainfood.com\/ro\/wp-json\/wp\/v2\/media?parent=16739"}],"wp:term":[{"taxonomy":"category","embeddable":true,"href":"https:\/\/myspainfood.com\/ro\/wp-json\/wp\/v2\/categories?post=16739"},{"taxonomy":"post_tag","embeddable":true,"href":"https:\/\/myspainfood.com\/ro\/wp-json\/wp\/v2\/tags?post=16739"}],"curies":[{"name":"wp","href":"https:\/\/api.w.org\/{rel}","templated":true}]}}