{"id":16814,"date":"2022-12-21T10:41:59","date_gmt":"2022-12-21T09:41:59","guid":{"rendered":"https:\/\/myspainfood.com\/pate-de-ardei-prajit-cu-ton\/"},"modified":"2025-05-08T15:32:57","modified_gmt":"2025-05-08T13:32:57","slug":"pate-de-ardei-prajit-cu-ton","status":"publish","type":"post","link":"https:\/\/myspainfood.com\/ro\/pate-de-ardei-prajit-cu-ton\/","title":{"rendered":"Pat\u00e9 de ardei pr\u0103jit cu ton"},"content":{"rendered":"<p>[et_pb_section fb_built=&#8221;1&#8243; theme_builder_area=&#8221;post_content&#8221; _builder_version=&#8221;4.19.4&#8243; _module_preset=&#8221;default&#8221;][et_pb_row _builder_version=&#8221;4.19.4&#8243; _module_preset=&#8221;default&#8221; theme_builder_area=&#8221;post_content&#8221;][et_pb_column _builder_version=&#8221;4.19.4&#8243; _module_preset=&#8221;default&#8221; type=&#8221;4_4&#8243; theme_builder_area=&#8221;post_content&#8221;][et_pb_text _builder_version=&#8221;4.19.4&#8243; _module_preset=&#8221;default&#8221; theme_builder_area=&#8221;post_content&#8221; hover_enabled=&#8221;0&#8243; sticky_enabled=&#8221;0&#8243;]Dup\u0103 cum putem vedea, exist\u0103 multe tipuri de pateu: porc, budinc\u0103 neagr\u0103, mistre\u021b, caracati\u021b\u0103&#8230;.<\/p>\n<p>Ast\u0103zi, de la La Tienda de Sami, v\u0103 prezent\u0103m cum s\u0103 preg\u0103ti\u021bi un pateu de ardei pr\u0103jit cu ton.<\/p>\n<p>Pateu de ardei pr\u0103jit cu ton<br \/>\nUnul dintre aperitivele vedet\u0103 pentru a v\u0103 surprinde familia, u\u0219or \u0219i gustos, a\u0219a cum ne place nou\u0103.<\/p>\n<p>Ingrediente<br \/>\n200 g ardei cop\u021bi \u00een lemn<br \/>\n60 g ton \u00een ulei de m\u0103sline extravirgin<br \/>\n15 g sos de stridii<br \/>\n4 g castrave\u021bi<br \/>\n15 g mu\u0219tar<br \/>\n1 c\u0103\u021bel de usturoi<br \/>\n20 g ulei de m\u0103sline extravirgin<br \/>\nSare \u0219i piper<br \/>\nPreparare<br \/>\nScoate\u021bi ardeii din cutie \u0219i scurge\u021bi-i bine, astfel \u00eenc\u00e2t s\u0103 nu r\u0103m\u00e2n\u0103 ap\u0103. Proceda\u021bi la fel \u0219i cu tonul, deoarece dac\u0103 r\u0103m\u00e2ne ap\u0103 acesta \u00ee\u0219i poate pierde densitatea.<br \/>\nPune\u021bi toate ingredientele (cu excep\u021bia uleiului) \u00eentr-un blender \u0219i mixa\u021bi p\u00e2n\u0103 ob\u021bine\u021bi un amestec consistent \u0219i omogen.<br \/>\nAd\u0103uga\u021bi sarea \u0219i uleiul \u0219i mixa\u021bi din nou.<br \/>\nGusta\u021bi pateul \u0219i dac\u0103 nu este dens, ad\u0103uga\u021bi pesmet.<br \/>\nSavura\u021bi un aperitiv delicios![\/et_pb_text][\/et_pb_column][\/et_pb_row][\/et_pb_section]<\/p>\n","protected":false},"excerpt":{"rendered":"<p>Dup\u0103 cum putem vedea, exist\u0103 multe tipuri de pateu: porc, budinc\u0103 neagr\u0103, mistre\u021b, caracati\u021b\u0103&#8230;. Ast\u0103zi, de la La Tienda de Sami, v\u0103 prezent\u0103m cum s\u0103 preg\u0103ti\u021bi un pateu de ardei pr\u0103jit cu ton. Pateu de ardei pr\u0103jit cu ton Unul dintre aperitivele vedet\u0103 pentru a v\u0103 surprinde familia, u\u0219or \u0219i gustos, a\u0219a cum ne place [&hellip;]<\/p>\n","protected":false},"author":1,"featured_media":0,"comment_status":"closed","ping_status":"closed","sticky":false,"template":"","format":"standard","meta":{"_et_pb_use_builder":"on","_et_pb_old_content":"","_et_gb_content_width":"","footnotes":""},"categories":[1531],"tags":[],"class_list":["post-16814","post","type-post","status-publish","format-standard","hentry","category-fara-categorie"],"_links":{"self":[{"href":"https:\/\/myspainfood.com\/ro\/wp-json\/wp\/v2\/posts\/16814","targetHints":{"allow":["GET"]}}],"collection":[{"href":"https:\/\/myspainfood.com\/ro\/wp-json\/wp\/v2\/posts"}],"about":[{"href":"https:\/\/myspainfood.com\/ro\/wp-json\/wp\/v2\/types\/post"}],"author":[{"embeddable":true,"href":"https:\/\/myspainfood.com\/ro\/wp-json\/wp\/v2\/users\/1"}],"replies":[{"embeddable":true,"href":"https:\/\/myspainfood.com\/ro\/wp-json\/wp\/v2\/comments?post=16814"}],"version-history":[{"count":1,"href":"https:\/\/myspainfood.com\/ro\/wp-json\/wp\/v2\/posts\/16814\/revisions"}],"predecessor-version":[{"id":16820,"href":"https:\/\/myspainfood.com\/ro\/wp-json\/wp\/v2\/posts\/16814\/revisions\/16820"}],"wp:attachment":[{"href":"https:\/\/myspainfood.com\/ro\/wp-json\/wp\/v2\/media?parent=16814"}],"wp:term":[{"taxonomy":"category","embeddable":true,"href":"https:\/\/myspainfood.com\/ro\/wp-json\/wp\/v2\/categories?post=16814"},{"taxonomy":"post_tag","embeddable":true,"href":"https:\/\/myspainfood.com\/ro\/wp-json\/wp\/v2\/tags?post=16814"}],"curies":[{"name":"wp","href":"https:\/\/api.w.org\/{rel}","templated":true}]}}