{"id":35371,"date":"2022-12-21T10:41:59","date_gmt":"2022-12-21T09:41:59","guid":{"rendered":"https:\/\/myspainfood.com\/pate-z-pecenych-paprik-s-tuniakom\/"},"modified":"2025-05-08T15:36:46","modified_gmt":"2025-05-08T13:36:46","slug":"pate-z-pecenych-paprik-s-tuniakom","status":"publish","type":"post","link":"https:\/\/myspainfood.com\/sk\/pate-z-pecenych-paprik-s-tuniakom\/","title":{"rendered":"Pat\u00e9 z pe\u010den\u00fdch papr\u00edk s tuniakom"},"content":{"rendered":"<p>[et_pb_section fb_built=&#8220;1&#8243; theme_builder_area=&#8220;post_content&#8220; _builder_version=&#8220;4.19.4&#8243; _module_preset=&#8220;default&#8220;][et_pb_row _builder_version=&#8220;4.19.4&#8243; _module_preset=&#8220;default&#8220; theme_builder_area=&#8220;post_content&#8220;][et_pb_column _builder_version=&#8220;4.19.4&#8243; _module_preset=&#8220;default&#8220; type=&#8220;4_4&#8243; theme_builder_area=&#8220;post_content&#8220;][et_pb_text _builder_version=&#8220;4.19.4&#8243; _module_preset=&#8220;default&#8220; theme_builder_area=&#8220;post_content&#8220; hover_enabled=&#8220;0&#8243; sticky_enabled=&#8220;0&#8243;]Ako vid\u00edme, existuje mnoho druhov pa\u0161t\u00e9t: brav\u010dov\u00e1, \u010dierna, divia\u010dia, chobotnica&#8230;.<\/p>\n<p>Dnes v\u00e1m z La Tienda de Sami prin\u00e1\u0161ame n\u00e1vod na pr\u00edpravu pa\u0161t\u00e9ty z pe\u010den\u00fdch papr\u00edk s tuniakom.<\/p>\n<p>Pa\u0161t\u00e9ta z pe\u010den\u00fdch papr\u00edk s tuniakom<br \/>\nJedna z hviezdnych chu\u0165oviek, ktorou prekvap\u00edte svoju rodinu, jednoduch\u00e1 a chutn\u00e1, presne tak\u00e1, ak\u00fa ju m\u00e1me radi.<\/p>\n<p>Ingrediencie<br \/>\n200 g papr\u00edk pe\u010den\u00fdch na dreve<br \/>\n60 g tuniaka v extra panenskom olivovom oleji<br \/>\n15 g ustricovej om\u00e1\u010dky<br \/>\n4 g uhoriek<br \/>\n15 g hor\u010dice<br \/>\n1 str\u00fa\u010dik cesnaku<br \/>\n20 g extra panensk\u00e9ho olivov\u00e9ho oleja<br \/>\nSo\u013e a korenie<br \/>\nPr\u00edprava<br \/>\nPapriky vyberieme z plechovky a dobre ich osu\u0161\u00edme, aby v nich nezostala voda. To ist\u00e9 urobte aj s tuniakom, preto\u017ee ak v \u0148om zostane voda, m\u00f4\u017ee strati\u0165 hustotu.<br \/>\nV\u0161etky ingrediencie (okrem oleja) vlo\u017ete do mix\u00e9ra a mixujte, k\u00fdm nez\u00edskate konzistentn\u00fa, homog\u00e9nnu zmes.<br \/>\nPridajte so\u013e a olej a op\u00e4\u0165 mixujte.<br \/>\nPa\u0161t\u00e9tu ochutnajte a ak nie je hust\u00e1, pridajte str\u00fahanku.<br \/>\nVychutnajte si chutn\u00e9 predjedlo![\/et_pb_text][\/et_pb_column][\/et_pb_row][\/et_pb_section]<\/p>\n","protected":false},"excerpt":{"rendered":"<p>Ako vid\u00edme, existuje mnoho druhov pa\u0161t\u00e9t: brav\u010dov\u00e1, \u010dierna, divia\u010dia, chobotnica&#8230;. Dnes v\u00e1m z La Tienda de Sami prin\u00e1\u0161ame n\u00e1vod na pr\u00edpravu pa\u0161t\u00e9ty z pe\u010den\u00fdch papr\u00edk s tuniakom. Pa\u0161t\u00e9ta z pe\u010den\u00fdch papr\u00edk s tuniakom Jedna z hviezdnych chu\u0165oviek, ktorou prekvap\u00edte svoju rodinu, jednoduch\u00e1 a chutn\u00e1, presne tak\u00e1, ak\u00fa ju m\u00e1me radi. Ingrediencie 200 g papr\u00edk pe\u010den\u00fdch [&hellip;]<\/p>\n","protected":false},"author":1,"featured_media":0,"comment_status":"open","ping_status":"closed","sticky":false,"template":"","format":"standard","meta":{"_et_pb_use_builder":"on","_et_pb_old_content":"","_et_gb_content_width":"","footnotes":""},"categories":[7988],"tags":[],"class_list":["post-35371","post","type-post","status-publish","format-standard","hentry","category-nekategorizovane-sk"],"_links":{"self":[{"href":"https:\/\/myspainfood.com\/sk\/wp-json\/wp\/v2\/posts\/35371","targetHints":{"allow":["GET"]}}],"collection":[{"href":"https:\/\/myspainfood.com\/sk\/wp-json\/wp\/v2\/posts"}],"about":[{"href":"https:\/\/myspainfood.com\/sk\/wp-json\/wp\/v2\/types\/post"}],"author":[{"embeddable":true,"href":"https:\/\/myspainfood.com\/sk\/wp-json\/wp\/v2\/users\/1"}],"replies":[{"embeddable":true,"href":"https:\/\/myspainfood.com\/sk\/wp-json\/wp\/v2\/comments?post=35371"}],"version-history":[{"count":1,"href":"https:\/\/myspainfood.com\/sk\/wp-json\/wp\/v2\/posts\/35371\/revisions"}],"predecessor-version":[{"id":35381,"href":"https:\/\/myspainfood.com\/sk\/wp-json\/wp\/v2\/posts\/35371\/revisions\/35381"}],"wp:attachment":[{"href":"https:\/\/myspainfood.com\/sk\/wp-json\/wp\/v2\/media?parent=35371"}],"wp:term":[{"taxonomy":"category","embeddable":true,"href":"https:\/\/myspainfood.com\/sk\/wp-json\/wp\/v2\/categories?post=35371"},{"taxonomy":"post_tag","embeddable":true,"href":"https:\/\/myspainfood.com\/sk\/wp-json\/wp\/v2\/tags?post=35371"}],"curies":[{"name":"wp","href":"https:\/\/api.w.org\/{rel}","templated":true}]}}