{"id":35617,"date":"2022-12-20T12:15:49","date_gmt":"2022-12-20T11:15:49","guid":{"rendered":"https:\/\/myspainfood.com\/linser-pa-en-nem-yg-laekker-made\/"},"modified":"2022-12-20T12:15:49","modified_gmt":"2022-12-20T11:15:49","slug":"linser-pa-en-nem-yg-laekker-made","status":"publish","type":"post","link":"https:\/\/myspainfood.com\/sk\/linser-pa-en-nem-yg-laekker-made\/","title":{"rendered":"Linser p\u00e5 en nem yg l\u00e6kker m\u00e5de"},"content":{"rendered":"","protected":false},"excerpt":{"rendered":"","protected":false},"author":1,"featured_media":0,"comment_status":"open","ping_status":"closed","sticky":false,"template":"","format":"standard","meta":{"_et_pb_use_builder":"on","_et_pb_old_content":"","_et_gb_content_width":"","footnotes":""},"categories":[],"tags":[],"class_list":["post-35617","post","type-post","status-publish","format-standard","hentry"],"_links":{"self":[{"href":"https:\/\/myspainfood.com\/sk\/wp-json\/wp\/v2\/posts\/35617","targetHints":{"allow":["GET"]}}],"collection":[{"href":"https:\/\/myspainfood.com\/sk\/wp-json\/wp\/v2\/posts"}],"about":[{"href":"https:\/\/myspainfood.com\/sk\/wp-json\/wp\/v2\/types\/post"}],"author":[{"embeddable":true,"href":"https:\/\/myspainfood.com\/sk\/wp-json\/wp\/v2\/users\/1"}],"replies":[{"embeddable":true,"href":"https:\/\/myspainfood.com\/sk\/wp-json\/wp\/v2\/comments?post=35617"}],"version-history":[{"count":0,"href":"https:\/\/myspainfood.com\/sk\/wp-json\/wp\/v2\/posts\/35617\/revisions"}],"wp:attachment":[{"href":"https:\/\/myspainfood.com\/sk\/wp-json\/wp\/v2\/media?parent=35617"}],"wp:term":[{"taxonomy":"category","embeddable":true,"href":"https:\/\/myspainfood.com\/sk\/wp-json\/wp\/v2\/categories?post=35617"},{"taxonomy":"post_tag","embeddable":true,"href":"https:\/\/myspainfood.com\/sk\/wp-json\/wp\/v2\/tags?post=35617"}],"curies":[{"name":"wp","href":"https:\/\/api.w.org\/{rel}","templated":true}]}}