{"id":35644,"date":"2022-12-20T12:15:49","date_gmt":"2022-12-20T11:15:49","guid":{"rendered":"https:\/\/myspainfood.com\/sosovica-na-jednoduchy-a-chutny-sposob\/"},"modified":"2025-05-08T15:39:04","modified_gmt":"2025-05-08T13:39:04","slug":"sosovica-na-jednoduchy-a-chutny-sposob","status":"publish","type":"post","link":"https:\/\/myspainfood.com\/sk\/sosovica-na-jednoduchy-a-chutny-sposob\/","title":{"rendered":"\u0160o\u0161ovica na jednoduch\u00fd a chutn\u00fd sp\u00f4sob"},"content":{"rendered":"<p>[et_pb_section fb_built=&#8220;1&#8243; _builder_version=&#8220;4.19.4&#8243; _module_preset=&#8220;default&#8220; global_colors_info=&#8220;{}&#8220; theme_builder_area=&#8220;post_content&#8220;][et_pb_row _builder_version=&#8220;4.19.4&#8243; _module_preset=&#8220;default&#8220; global_colors_info=&#8220;{}&#8220; theme_builder_area=&#8220;post_content&#8220;][et_pb_column type=&#8220;4_4&#8243; _builder_version=&#8220;4.19.4&#8243; _module_preset=&#8220;default&#8220; global_colors_info=&#8220;{}&#8220; theme_builder_area=&#8220;post_content&#8220;][et_pb_text _builder_version=&#8220;4.19.4&#8243; _module_preset=&#8220;default&#8220; global_colors_info=&#8220;{}&#8220; theme_builder_area=&#8220;post_content&#8220;]<\/p>\n<p>Okrem toho, \u017ee \u0161o\u0161ovica je ve\u013emi \u010dast\u00fdm zdrojom \u017eeleza v na\u0161ej mesa\u010dnej strave, m\u00e1 aj \u010fal\u0161ie v\u00fd\u017eivov\u00e9 v\u00fdhody, ktor\u00e9 nem\u00f4\u017eete neobjavi\u0165.<\/p>\n<p>Z MySpainFood v\u00e1m pon\u00fakame jednoduch\u00fd a r\u00fdchly recept, ako si \u013eahko vychutna\u0165 \u0161o\u0161ovicu a vyu\u017ei\u0165 v\u0161etky jej v\u00fd\u017eivov\u00e9 hodnoty.<\/p>\n<p>\u0160o\u0161ovica s chorizom<br \/>Chorizo m\u00f4\u017eete nahradi\u0165 klob\u00e1sou chistorra, ale ak pou\u017eijete chorizo, v\u017edy je lep\u0161ie s chlebom.<\/p>\n<p>Ingrediencie<br \/>300 g \u0161o\u0161ovice.<br \/>50 g \u010dervenej papriky<br \/>50 g zelenej papriky<br \/>100 g cibule<br \/>50 g oleja<br \/>50 g p\u00f3ru<br \/>2 str\u00fa\u010diky cesnaku<br \/>1 mrkva<br \/>100 g choriza<br \/>100 g \u0161unky nakr\u00e1janej na kocky<br \/>1 ly\u017eica sladkej papriky<br \/>1 bobkov\u00fd list<br \/>900 g vody<\/p>\n<p>Pr\u00edprava<br \/>\u0160o\u0161ovicu vopred namo\u010dte aspo\u0148 na 3 hodiny.<br \/>Cibu\u013eu, papriku, p\u00f3r, cesnak a mrkvu nakr\u00e1jajte na 2\/3 cm k\u00fasky.<br \/>Restujte na oleji asi 8 min\u00fat.<br \/>Do hrnca dajte sofrito, papriku, chorizo, umyt\u00fa a odkvapkan\u00fa \u0161o\u0161ovicu, \u0161unku nakr\u00e1jan\u00fa na kocky, bobkov\u00fd list a vodu.<br \/>Varte 30 min\u00fat.<br \/>Teraz m\u00e1te v\u00fdborn\u00fa \u0161o\u0161ovicu!<\/p>\n<p>[\/et_pb_text][\/et_pb_column][\/et_pb_row][\/et_pb_section]<\/p>\n","protected":false},"excerpt":{"rendered":"<p>Okrem toho, \u017ee \u0161o\u0161ovica je ve\u013emi \u010dast\u00fdm zdrojom \u017eeleza v na\u0161ej mesa\u010dnej strave, m\u00e1 aj \u010fal\u0161ie v\u00fd\u017eivov\u00e9 v\u00fdhody, ktor\u00e9 nem\u00f4\u017eete neobjavi\u0165. Z MySpainFood v\u00e1m pon\u00fakame jednoduch\u00fd a r\u00fdchly recept, ako si \u013eahko vychutna\u0165 \u0161o\u0161ovicu a vyu\u017ei\u0165 v\u0161etky jej v\u00fd\u017eivov\u00e9 hodnoty. \u0160o\u0161ovica s chorizomChorizo m\u00f4\u017eete nahradi\u0165 klob\u00e1sou chistorra, ale ak pou\u017eijete chorizo, v\u017edy je lep\u0161ie s [&hellip;]<\/p>\n","protected":false},"author":1,"featured_media":0,"comment_status":"open","ping_status":"closed","sticky":false,"template":"","format":"standard","meta":{"_et_pb_use_builder":"on","_et_pb_old_content":"","_et_gb_content_width":"","footnotes":""},"categories":[7988],"tags":[],"class_list":["post-35644","post","type-post","status-publish","format-standard","hentry","category-nekategorizovane-sk"],"_links":{"self":[{"href":"https:\/\/myspainfood.com\/sk\/wp-json\/wp\/v2\/posts\/35644","targetHints":{"allow":["GET"]}}],"collection":[{"href":"https:\/\/myspainfood.com\/sk\/wp-json\/wp\/v2\/posts"}],"about":[{"href":"https:\/\/myspainfood.com\/sk\/wp-json\/wp\/v2\/types\/post"}],"author":[{"embeddable":true,"href":"https:\/\/myspainfood.com\/sk\/wp-json\/wp\/v2\/users\/1"}],"replies":[{"embeddable":true,"href":"https:\/\/myspainfood.com\/sk\/wp-json\/wp\/v2\/comments?post=35644"}],"version-history":[{"count":4,"href":"https:\/\/myspainfood.com\/sk\/wp-json\/wp\/v2\/posts\/35644\/revisions"}],"predecessor-version":[{"id":35669,"href":"https:\/\/myspainfood.com\/sk\/wp-json\/wp\/v2\/posts\/35644\/revisions\/35669"}],"wp:attachment":[{"href":"https:\/\/myspainfood.com\/sk\/wp-json\/wp\/v2\/media?parent=35644"}],"wp:term":[{"taxonomy":"category","embeddable":true,"href":"https:\/\/myspainfood.com\/sk\/wp-json\/wp\/v2\/categories?post=35644"},{"taxonomy":"post_tag","embeddable":true,"href":"https:\/\/myspainfood.com\/sk\/wp-json\/wp\/v2\/tags?post=35644"}],"curies":[{"name":"wp","href":"https:\/\/api.w.org\/{rel}","templated":true}]}}