{"id":35728,"date":"2022-12-21T12:42:57","date_gmt":"2022-12-21T11:42:57","guid":{"rendered":"https:\/\/myspainfood.com\/dusene-kuracie-maso-s-cibulou-paradajkami-a-cervenou-paprikou\/"},"modified":"2025-05-08T15:39:23","modified_gmt":"2025-05-08T13:39:23","slug":"dusene-kuracie-maso-s-cibulou-paradajkami-a-cervenou-paprikou","status":"publish","type":"post","link":"https:\/\/myspainfood.com\/sk\/dusene-kuracie-maso-s-cibulou-paradajkami-a-cervenou-paprikou\/","title":{"rendered":"Dusen\u00e9 kuracie m\u00e4so s cibu\u013eou, paradajkami a \u010dervenou paprikou"},"content":{"rendered":"<p>[et_pb_section fb_built=&#8220;1&#8243; theme_builder_area=&#8220;post_content&#8220; _builder_version=&#8220;4.19.4&#8243; _module_preset=&#8220;default&#8220;][et_pb_row _builder_version=&#8220;4.19.4&#8243; _module_preset=&#8220;default&#8220; theme_builder_area=&#8220;post_content&#8220;][et_pb_column _builder_version=&#8220;4.19.4&#8243; _module_preset=&#8220;default&#8220; type=&#8220;4_4&#8243; theme_builder_area=&#8220;post_content&#8220;][et_pb_text _builder_version=&#8220;4.19.4&#8243; _module_preset=&#8220;default&#8220; theme_builder_area=&#8220;post_content&#8220; hover_enabled=&#8220;0&#8243; sticky_enabled=&#8220;0&#8243;]<\/p>\n<p>Radi var\u00edme tento druh dusen\u00e9ho m\u00e4sa, preto\u017ee je to typick\u00e9 jedlo &#8222;toda la vida&#8220;.<br \/>Existuje mnoho druhov.<\/p>\n<p>V La Tienda de Sami v\u00e1m uk\u00e1\u017eeme, ako pripravi\u0165 toto chutn\u00e9 jedlo.<\/p>\n<p>Dusen\u00e9 kuracie m\u00e4so s cibu\u013eou, paradajkami a \u010dervenou paprikou<br \/>Ako pr\u00edlohu k tomuto dusen\u00e9mu m\u00e4su m\u00f4\u017eete prida\u0165 aj chutn\u00e9 zemiaky vo vrec\u00fa\u0161ku, ale to u\u017e nech\u00e1me na v\u00e1s.<\/p>\n<p>&nbsp;<\/p>\n<p>Ingrediencie<br \/>2 kur\u010dat\u00e1 po 1 \u00bc kg (nakr\u00e1jan\u00e9 na stredne ve\u013ek\u00e9 kusy)<br \/>100 gr. streaky slaniny<br \/>4 polievkov\u00e9 ly\u017eice oleja<br \/>6 mal\u00fdch paradajok<br \/>8 franc\u00fazskych cib\u00fa\u013e<br \/>1 kocka masla<br \/>1 mal\u00fd poh\u00e1r (100 g) papriky piquillo (ope\u010denej na dreve)<br \/>Polovica poh\u00e1ra (vody) bieleho v\u00edna 1 poh\u00e1r (vody) vody 1 poh\u00e1r (vody) bieleho v\u00edna  poh\u00e1r (vody) bieleho v\u00edna<br \/>Polovica poh\u00e1ra (vody) vody<br \/>1 \u0161tipka aromatick\u00fdch byliniek<br \/>1 polievkov\u00e1 ly\u017eica nasekanej petr\u017elenovej v\u0148ate<br \/>So\u013e<br \/>Pr\u00edprava<br \/>Po flambovan\u00ed a pr\u00edprave, nakr\u00e1jajte kuracie m\u00e4so.<br \/>Na panvici rozohrejte olej. Ke\u010f je hotov\u00e9, k\u00fasky kur\u010da\u0165a dobre ope\u010dieme.<br \/>Prid\u00e1me na kocky nakr\u00e1jan\u00fa slaninu. Pridajte ol\u00fapan\u00e9, ale cel\u00e9 paradajky.  <br \/>Dochu\u0165te so\u013eou a bylinkami.<br \/>Dobre premie\u0161ajte drevenou ly\u017eicou a pridajte v\u00edno a vodu.<br \/>Prikryte pek\u00e1\u010d pokrievkou a na miernom ohni varte kur\u010da asi 45 min\u00fat, ak je m\u00e4kk\u00e9, ak nie, tak o nie\u010do dlh\u0161ie, ale dbajte na to, aby sa k\u00fasky nerozpadli.<br \/>Oddelene v malom hrnci uvarte o\u0161\u00fapan\u00fa cibu\u013eu na masle s trochou vody, aby bola zakryt\u00e1, a so\u013eou.<br \/>Ke\u010f je kuracie m\u00e4so m\u00e4kk\u00e9, pridajte cibu\u013eu, nadrobno nakr\u00e1jan\u00fa papriku a nasekan\u00fa petr\u017elenov\u00fa v\u0148a\u0165.<br \/>Premie\u0161ajte drevenou ly\u017eicou a ihne\u010f pod\u00e1vajte na tanieri.<br \/>U\u017e len pri pomyslen\u00ed na to sa n\u00e1m zbiehaj\u00fa slinky.<\/p>\n<p>[\/et_pb_text][\/et_pb_column][\/et_pb_row][\/et_pb_section]<\/p>\n","protected":false},"excerpt":{"rendered":"<p>Radi var\u00edme tento druh dusen\u00e9ho m\u00e4sa, preto\u017ee je to typick\u00e9 jedlo &#8222;toda la vida&#8220;.Existuje mnoho druhov. V La Tienda de Sami v\u00e1m uk\u00e1\u017eeme, ako pripravi\u0165 toto chutn\u00e9 jedlo. Dusen\u00e9 kuracie m\u00e4so s cibu\u013eou, paradajkami a \u010dervenou paprikouAko pr\u00edlohu k tomuto dusen\u00e9mu m\u00e4su m\u00f4\u017eete prida\u0165 aj chutn\u00e9 zemiaky vo vrec\u00fa\u0161ku, ale to u\u017e nech\u00e1me na v\u00e1s. [&hellip;]<\/p>\n","protected":false},"author":1,"featured_media":0,"comment_status":"open","ping_status":"closed","sticky":false,"template":"","format":"standard","meta":{"_et_pb_use_builder":"on","_et_pb_old_content":"","_et_gb_content_width":"","footnotes":""},"categories":[7988],"tags":[],"class_list":["post-35728","post","type-post","status-publish","format-standard","hentry","category-nekategorizovane-sk"],"_links":{"self":[{"href":"https:\/\/myspainfood.com\/sk\/wp-json\/wp\/v2\/posts\/35728","targetHints":{"allow":["GET"]}}],"collection":[{"href":"https:\/\/myspainfood.com\/sk\/wp-json\/wp\/v2\/posts"}],"about":[{"href":"https:\/\/myspainfood.com\/sk\/wp-json\/wp\/v2\/types\/post"}],"author":[{"embeddable":true,"href":"https:\/\/myspainfood.com\/sk\/wp-json\/wp\/v2\/users\/1"}],"replies":[{"embeddable":true,"href":"https:\/\/myspainfood.com\/sk\/wp-json\/wp\/v2\/comments?post=35728"}],"version-history":[{"count":1,"href":"https:\/\/myspainfood.com\/sk\/wp-json\/wp\/v2\/posts\/35728\/revisions"}],"predecessor-version":[{"id":35736,"href":"https:\/\/myspainfood.com\/sk\/wp-json\/wp\/v2\/posts\/35728\/revisions\/35736"}],"wp:attachment":[{"href":"https:\/\/myspainfood.com\/sk\/wp-json\/wp\/v2\/media?parent=35728"}],"wp:term":[{"taxonomy":"category","embeddable":true,"href":"https:\/\/myspainfood.com\/sk\/wp-json\/wp\/v2\/categories?post=35728"},{"taxonomy":"post_tag","embeddable":true,"href":"https:\/\/myspainfood.com\/sk\/wp-json\/wp\/v2\/tags?post=35728"}],"curies":[{"name":"wp","href":"https:\/\/api.w.org\/{rel}","templated":true}]}}