{"id":16691,"date":"2022-12-20T12:15:49","date_gmt":"2022-12-20T11:15:49","guid":{"rendered":"https:\/\/myspainfood.com\/linser-pa-ett-enkelt-och-utsokt-satt\/"},"modified":"2025-05-08T15:32:59","modified_gmt":"2025-05-08T13:32:59","slug":"linser-pa-ett-enkelt-och-utsokt-satt","status":"publish","type":"post","link":"https:\/\/myspainfood.com\/sv\/linser-pa-ett-enkelt-och-utsokt-satt\/","title":{"rendered":"Linser p\u00e5 ett enkelt och uts\u00f6kt s\u00e4tt"},"content":{"rendered":"<p>[et_pb_section fb_built=&#8221;1&#8243; _builder_version=&#8221;4.19.4&#8243; _module_preset=&#8221;default&#8221; global_colors_info=&#8221;{}&#8221; theme_builder_area=&#8221;post_content&#8221;][et_pb_row _builder_version=&#8221;4.19.4&#8243; _module_preset=&#8221;default&#8221; global_colors_info=&#8221;{}&#8221; theme_builder_area=&#8221;post_content&#8221;][et_pb_column type=&#8221;4_4&#8243; _builder_version=&#8221;4.19.4&#8243; _module_preset=&#8221;default&#8221; global_colors_info=&#8221;{}&#8221; theme_builder_area=&#8221;post_content&#8221;][et_pb_text _builder_version=&#8221;4.19.4&#8243; _module_preset=&#8221;default&#8221; global_colors_info=&#8221;{}&#8221; theme_builder_area=&#8221;post_content&#8221;]<\/p>\n<p>Linser, f\u00f6rutom att vara en mycket \u00e5terkommande k\u00e4lla till j\u00e4rn i v\u00e5r m\u00e5natliga kost, har andra n\u00e4ringsm\u00e4ssiga f\u00f6rdelar som du inte kan l\u00e5ta bli att uppt\u00e4cka.<\/p>\n<p>Fr\u00e5n MySpainFood erbjuder vi dig ett enkelt och snabbt recept f\u00f6r att njuta av linser p\u00e5 ett enkelt s\u00e4tt och dra nytta av alla deras n\u00e4ringsm\u00e4ssiga bidrag.<\/p>\n<p>Linser med chorizo<br \/>Du kan byta ut chorizon mot chistorrakorv, men om du anv\u00e4nder chorizo \u00e4r det alltid godare med br\u00f6d.<\/p>\n<p>Ingredienser<br \/>300 g linser.<br \/>50 g r\u00f6d paprika<br \/>50 g gr\u00f6n paprika<br \/>100 g l\u00f6k<br \/>50 g olja<br \/>50 g purjol\u00f6k<br \/>2 vitl\u00f6ksklyftor<br \/>1 morot<br \/>100 g chorizo<br \/>100 g t\u00e4rnad skinka<br \/>1 msk s\u00f6tpaprika<br \/>1 lagerblad<br \/>900 g vatten<\/p>\n<p>Tillagning<br \/>Bl\u00f6tl\u00e4gg linserna minst 3 timmar i f\u00f6rv\u00e4g.<br \/>Sk\u00e4r l\u00f6k, paprika, purjol\u00f6k, vitl\u00f6k och morot i 2\/3 cm stora bitar.<br \/>Fr\u00e4s i olja i ca 8 minuter.<br \/>L\u00e4gg sofrito, paprika, chorizo, tv\u00e4ttade och avrunna linser, t\u00e4rnad skinka, lagerblad och vatten i en kastrull.<br \/>Koka i 30 minuter.<br \/>Nu har du goda linser!<\/p>\n<p>[\/et_pb_text][\/et_pb_column][\/et_pb_row][\/et_pb_section]<\/p>\n","protected":false},"excerpt":{"rendered":"<p>Linser, f\u00f6rutom att vara en mycket \u00e5terkommande k\u00e4lla till j\u00e4rn i v\u00e5r m\u00e5natliga kost, har andra n\u00e4ringsm\u00e4ssiga f\u00f6rdelar som du inte kan l\u00e5ta bli att uppt\u00e4cka. Fr\u00e5n MySpainFood erbjuder vi dig ett enkelt och snabbt recept f\u00f6r att njuta av linser p\u00e5 ett enkelt s\u00e4tt och dra nytta av alla deras n\u00e4ringsm\u00e4ssiga bidrag. Linser med [&hellip;]<\/p>\n","protected":false},"author":1,"featured_media":0,"comment_status":"closed","ping_status":"closed","sticky":false,"template":"","format":"standard","meta":{"_et_pb_use_builder":"on","_et_pb_old_content":"","_et_gb_content_width":"","footnotes":""},"categories":[1537],"tags":[],"class_list":["post-16691","post","type-post","status-publish","format-standard","hentry","category-okategoriserade"],"_links":{"self":[{"href":"https:\/\/myspainfood.com\/sv\/wp-json\/wp\/v2\/posts\/16691","targetHints":{"allow":["GET"]}}],"collection":[{"href":"https:\/\/myspainfood.com\/sv\/wp-json\/wp\/v2\/posts"}],"about":[{"href":"https:\/\/myspainfood.com\/sv\/wp-json\/wp\/v2\/types\/post"}],"author":[{"embeddable":true,"href":"https:\/\/myspainfood.com\/sv\/wp-json\/wp\/v2\/users\/1"}],"replies":[{"embeddable":true,"href":"https:\/\/myspainfood.com\/sv\/wp-json\/wp\/v2\/comments?post=16691"}],"version-history":[{"count":1,"href":"https:\/\/myspainfood.com\/sv\/wp-json\/wp\/v2\/posts\/16691\/revisions"}],"predecessor-version":[{"id":34860,"href":"https:\/\/myspainfood.com\/sv\/wp-json\/wp\/v2\/posts\/16691\/revisions\/34860"}],"wp:attachment":[{"href":"https:\/\/myspainfood.com\/sv\/wp-json\/wp\/v2\/media?parent=16691"}],"wp:term":[{"taxonomy":"category","embeddable":true,"href":"https:\/\/myspainfood.com\/sv\/wp-json\/wp\/v2\/categories?post=16691"},{"taxonomy":"post_tag","embeddable":true,"href":"https:\/\/myspainfood.com\/sv\/wp-json\/wp\/v2\/tags?post=16691"}],"curies":[{"name":"wp","href":"https:\/\/api.w.org\/{rel}","templated":true}]}}