{"id":16733,"date":"2022-12-20T14:02:12","date_gmt":"2022-12-20T13:02:12","guid":{"rendered":"https:\/\/myspainfood.com\/nudelsoppa-med-makrill\/"},"modified":"2025-05-08T15:32:58","modified_gmt":"2025-05-08T13:32:58","slug":"nudelsoppa-med-makrill","status":"publish","type":"post","link":"https:\/\/myspainfood.com\/sv\/nudelsoppa-med-makrill\/","title":{"rendered":"Nudelsoppa med makrill"},"content":{"rendered":"<p>[et_pb_section fb_built=&#8221;1&#8243; theme_builder_area=&#8221;post_content&#8221; _builder_version=&#8221;4.19.4&#8243; _module_preset=&#8221;default&#8221;][et_pb_row _builder_version=&#8221;4.19.4&#8243; _module_preset=&#8221;default&#8221; theme_builder_area=&#8221;post_content&#8221;][et_pb_column _builder_version=&#8221;4.19.4&#8243; _module_preset=&#8221;default&#8221; type=&#8221;4_4&#8243; theme_builder_area=&#8221;post_content&#8221;][et_pb_text _builder_version=&#8221;4.19.4&#8243; _module_preset=&#8221;default&#8221; theme_builder_area=&#8221;post_content&#8221; hover_enabled=&#8221;0&#8243; sticky_enabled=&#8221;0&#8243;]En god makrillnudelsoppa \u00e4r alltid en njutning n\u00e4r kylan kommer. Men vi f\u00e5r inte gl\u00f6mma att om vi lider av hyperurikemi eller gikt b\u00f6r vi inte \u00e4ta makrill. <\/p>\n<p>Nudelsoppa med makrill<br \/>\nDet finns inget b\u00e4ttre \u00e4n en god nudelsoppa att v\u00e4rma sig med, och om den \u00e4r gjord p\u00e5 en fisk som makrill blir det \u00e4nnu b\u00e4ttre.<\/p>\n<p>Ingredienser<br \/>\n2 vitl\u00f6ksklyftor<br \/>\n100 g l\u00f6k<br \/>\n50 gr r\u00f6d paprika<br \/>\n50 gr gr\u00f6n paprika<br \/>\n500 gr krossad tomat<br \/>\nOlivolja<br \/>\nFiskbest\u00e5nd<br \/>\nNudlar<br \/>\n500 g makrill<br \/>\nSalt och peppar<br \/>\nTillagning<br \/>\nB\u00f6rja med att sk\u00e4ra paprika, vitl\u00f6k och l\u00f6k i mycket sm\u00e5 bitar.<br \/>\nL\u00e4gg dem i en kastrull tills botten \u00e4r t\u00e4ckt med olja och stek dem p\u00e5 l\u00e5g v\u00e4rme tills de \u00e4r v\u00e4l pocherade.<br \/>\nTills\u00e4tt krossad tomat och l\u00e5t reducera under konstant omr\u00f6rning.<br \/>\nSmaka av med salt och peppar.<br \/>\nTills\u00e4tt fiskbuljongen och nudlarna. Koka under den tid som anges p\u00e5 f\u00f6rpackningen.<br \/>\nInnan koktiden \u00e4r slut, \u00f6ppna makrillfil\u00e9erna och l\u00e4gg i dem s\u00e5 att soppan fylls med makrillens smak och vice versa.<br \/>\nSkeda i den![\/et_pb_text][\/et_pb_column][\/et_pb_row][\/et_pb_section]<\/p>\n","protected":false},"excerpt":{"rendered":"<p>En god makrillnudelsoppa \u00e4r alltid en njutning n\u00e4r kylan kommer. Men vi f\u00e5r inte gl\u00f6mma att om vi lider av hyperurikemi eller gikt b\u00f6r vi inte \u00e4ta makrill. Nudelsoppa med makrill Det finns inget b\u00e4ttre \u00e4n en god nudelsoppa att v\u00e4rma sig med, och om den \u00e4r gjord p\u00e5 en fisk som makrill blir det [&hellip;]<\/p>\n","protected":false},"author":1,"featured_media":0,"comment_status":"closed","ping_status":"closed","sticky":false,"template":"","format":"standard","meta":{"_et_pb_use_builder":"on","_et_pb_old_content":"","_et_gb_content_width":"","footnotes":""},"categories":[1537],"tags":[],"class_list":["post-16733","post","type-post","status-publish","format-standard","hentry","category-okategoriserade"],"_links":{"self":[{"href":"https:\/\/myspainfood.com\/sv\/wp-json\/wp\/v2\/posts\/16733","targetHints":{"allow":["GET"]}}],"collection":[{"href":"https:\/\/myspainfood.com\/sv\/wp-json\/wp\/v2\/posts"}],"about":[{"href":"https:\/\/myspainfood.com\/sv\/wp-json\/wp\/v2\/types\/post"}],"author":[{"embeddable":true,"href":"https:\/\/myspainfood.com\/sv\/wp-json\/wp\/v2\/users\/1"}],"replies":[{"embeddable":true,"href":"https:\/\/myspainfood.com\/sv\/wp-json\/wp\/v2\/comments?post=16733"}],"version-history":[{"count":10,"href":"https:\/\/myspainfood.com\/sv\/wp-json\/wp\/v2\/posts\/16733\/revisions"}],"predecessor-version":[{"id":16794,"href":"https:\/\/myspainfood.com\/sv\/wp-json\/wp\/v2\/posts\/16733\/revisions\/16794"}],"wp:attachment":[{"href":"https:\/\/myspainfood.com\/sv\/wp-json\/wp\/v2\/media?parent=16733"}],"wp:term":[{"taxonomy":"category","embeddable":true,"href":"https:\/\/myspainfood.com\/sv\/wp-json\/wp\/v2\/categories?post=16733"},{"taxonomy":"post_tag","embeddable":true,"href":"https:\/\/myspainfood.com\/sv\/wp-json\/wp\/v2\/tags?post=16733"}],"curies":[{"name":"wp","href":"https:\/\/api.w.org\/{rel}","templated":true}]}}