{"id":17010,"date":"2022-12-21T13:45:15","date_gmt":"2022-12-21T12:45:15","guid":{"rendered":"https:\/\/myspainfood.com\/bakade-sardiner-med-vitt-vin-och-strobrod\/"},"modified":"2025-05-08T15:32:55","modified_gmt":"2025-05-08T13:32:55","slug":"bakade-sardiner-med-vitt-vin-och-strobrod","status":"publish","type":"post","link":"https:\/\/myspainfood.com\/sv\/bakade-sardiner-med-vitt-vin-och-strobrod\/","title":{"rendered":"Bakade sardiner med vitt vin och str\u00f6br\u00f6d"},"content":{"rendered":"<p>[et_pb_section fb_built=&#8221;1&#8243; theme_builder_area=&#8221;post_content&#8221; _builder_version=&#8221;4.19.4&#8243; _module_preset=&#8221;default&#8221;][et_pb_row _builder_version=&#8221;4.19.4&#8243; _module_preset=&#8221;default&#8221; theme_builder_area=&#8221;post_content&#8221;][et_pb_column _builder_version=&#8221;4.19.4&#8243; _module_preset=&#8221;default&#8221; type=&#8221;4_4&#8243; theme_builder_area=&#8221;post_content&#8221;][et_pb_text _builder_version=&#8221;4.19.4&#8243; _module_preset=&#8221;default&#8221; theme_builder_area=&#8221;post_content&#8221; hover_enabled=&#8221;0&#8243; sticky_enabled=&#8221;0&#8243;]Det \u00e4r inte alltid vi har m\u00f6jlighet att \u00e4ta en god &#8221;espeto malague\u00f1o&#8221; med sardiner som sm\u00e4lter i gommen.<\/p>\n<p>I La Tienda de Sami ska vi visa dig hur du g\u00f6r bakade sardiner i bara n\u00e5gra steg.<\/p>\n<p>Bakade sardiner med vitt vin och str\u00f6br\u00f6d<br \/>\nTill denna gryta kan man ocks\u00e5 servera lite god potatis, men det \u00e4r upp till var och en.<\/p>\n<p>Ingredienser<br \/>\n1 \u00bd kg. stora sardiner<br \/>\n5 matskedar olja<br \/>\n1 glas (inte fullt) verdejo-vin Cucamonas<br \/>\n3 matskedar str\u00f6br\u00f6d.<br \/>\n1 matsked hackad persilja<br \/>\nSaften av \u00bd citron<br \/>\n40 gr. sm\u00f6r<br \/>\nSalt<br \/>\nTillredning<br \/>\nTa bort huvud och ben fr\u00e5n sardinerna. Tv\u00e4tta och torka mycket v\u00e4l.<br \/>\nSalta l\u00e4tt p\u00e5 insidan av sardinerna (d\u00e4r benen har tagits bort).<br \/>\nH\u00e4ll oljan i en ugnsfast form av porslin eller glas.<br \/>\nOrdna de r\u00e5a sardinerna s\u00e5 att de inte staplas p\u00e5 varandra.<br \/>\nSt\u00e4nk \u00f6ver vitt vin och citronsaft.<br \/>\nStr\u00f6 \u00f6ver den hackade persiljan och sedan \u00f6ver str\u00f6br\u00f6det.<br \/>\nT\u00e4ck med det t\u00e4rnade sm\u00f6ret och baka p\u00e5 medelv\u00e4rme i ca 15 minuter, \u00f6s d\u00e5 och d\u00e5 med saften.<br \/>\nServera p\u00e5 samma tallrik.<br \/>\nDet f\u00e5r det att vattnas i munnen bara vi t\u00e4nker p\u00e5 det.[\/et_pb_text][\/et_pb_column][\/et_pb_row][\/et_pb_section]<\/p>\n","protected":false},"excerpt":{"rendered":"<p>Det \u00e4r inte alltid vi har m\u00f6jlighet att \u00e4ta en god &#8221;espeto malague\u00f1o&#8221; med sardiner som sm\u00e4lter i gommen. I La Tienda de Sami ska vi visa dig hur du g\u00f6r bakade sardiner i bara n\u00e5gra steg. Bakade sardiner med vitt vin och str\u00f6br\u00f6d Till denna gryta kan man ocks\u00e5 servera lite god potatis, men [&hellip;]<\/p>\n","protected":false},"author":1,"featured_media":0,"comment_status":"closed","ping_status":"closed","sticky":false,"template":"","format":"standard","meta":{"_et_pb_use_builder":"on","_et_pb_old_content":"","_et_gb_content_width":"","footnotes":""},"categories":[1537],"tags":[],"class_list":["post-17010","post","type-post","status-publish","format-standard","hentry","category-okategoriserade"],"_links":{"self":[{"href":"https:\/\/myspainfood.com\/sv\/wp-json\/wp\/v2\/posts\/17010","targetHints":{"allow":["GET"]}}],"collection":[{"href":"https:\/\/myspainfood.com\/sv\/wp-json\/wp\/v2\/posts"}],"about":[{"href":"https:\/\/myspainfood.com\/sv\/wp-json\/wp\/v2\/types\/post"}],"author":[{"embeddable":true,"href":"https:\/\/myspainfood.com\/sv\/wp-json\/wp\/v2\/users\/1"}],"replies":[{"embeddable":true,"href":"https:\/\/myspainfood.com\/sv\/wp-json\/wp\/v2\/comments?post=17010"}],"version-history":[{"count":1,"href":"https:\/\/myspainfood.com\/sv\/wp-json\/wp\/v2\/posts\/17010\/revisions"}],"predecessor-version":[{"id":17013,"href":"https:\/\/myspainfood.com\/sv\/wp-json\/wp\/v2\/posts\/17010\/revisions\/17013"}],"wp:attachment":[{"href":"https:\/\/myspainfood.com\/sv\/wp-json\/wp\/v2\/media?parent=17010"}],"wp:term":[{"taxonomy":"category","embeddable":true,"href":"https:\/\/myspainfood.com\/sv\/wp-json\/wp\/v2\/categories?post=17010"},{"taxonomy":"post_tag","embeddable":true,"href":"https:\/\/myspainfood.com\/sv\/wp-json\/wp\/v2\/tags?post=17010"}],"curies":[{"name":"wp","href":"https:\/\/api.w.org\/{rel}","templated":true}]}}